{"id":15832,"date":"2020-03-17T12:35:00","date_gmt":"2023-06-06T12:35:46","guid":{"rendered":"https:\/\/www.salesforce.com\/?p=15832"},"modified":"2023-07-04T23:43:52","modified_gmt":"2023-07-04T23:43:52","slug":"uma-carta-para-nossos-clientes","status":"publish","type":"post","link":"https:\/\/www.salesforce.com\/br\/blog\/uma-carta-para-nossos-clientes\/","title":{"rendered":"Uma Carta Para Nossos Clientes"},"content":{"rendered":"\n<p>Juntos, estamos enfrentando uma situa\u00e7\u00e3o sem precedentes. A pandemia do coronavirus est\u00e1 afetando todas as nossas fam\u00edlias, empresas, comunidades e o nosso estilo de vida. Durante estes tempos, eu queria atualizar voc\u00eas sobre como estamos abordando esta situa\u00e7\u00e3o na Salesforce.<\/p>\n\n\n\n<p>Em primeiro lugar, nossos cora\u00e7\u00f5es est\u00e3o com as pessoas impactadas pelo v\u00edrus, direta ou indiretamente. Nossos pensamentos est\u00e3o direcionados especialmente \u00e0queles que est\u00e3o doentes, para os quais estendemos nosso desejo de uma r\u00e1pida e completa recupera\u00e7\u00e3o. E n\u00f3s estamos verdadeiramente inspirados pelo trabalho dedicado dos profissionais de sa\u00fade ao redor do mundo que est\u00e3o na linha de frente, trabalhando de maneira incans\u00e1vel para cuidar das pessoas que est\u00e3o em necessidade.<\/p>\n\n\n\n<p>Em segundo lugar, na Salesforce, assim como nas suas empresas, estamos concentrados na sa\u00fade e na seguran\u00e7a dos nossos colaboradores, fam\u00edlias e comunidade.<\/p>\n\n\n\n<p>Todos os nossos funcion\u00e1rios ao redor mundo est\u00e3o em um protocolo de trabalho remoto. Com nossa forma de trabalho altamente distribu\u00edda e com muitos dos nossos colaboradores j\u00e1 trabalhando de maneira virtual, esta mudan\u00e7a foi relativamente tranquila e n\u00f3s continuamos entregando os mais altos n\u00edveis de performance, disponibilidade e seguran\u00e7a. Durante este per\u00edodo, n\u00f3s continuaremos a pagar normalmente nossos sub-contratados que s\u00e3o uma parte importante de nossa fam\u00edlia por hora de servi\u00e7o prestado.<\/p>\n\n\n\n<p>N\u00f3s tamb\u00e9m estamos incentivando nossas equipes a trabalhar com os clientes utilizando prioritariamente canais digitais. Estamos postergando alguns dos nossos eventos e transformando outros em experi\u00eancias virtuais como, por exemplo, fizemos com o World Tour de Sidney onde mais de 80,000 clientes participaram digitalmente e com nosso segundo Summit anual de Mulheres Trailblazers que atraiu mais de 1.2 milh\u00f5es de visualiza\u00e7\u00f5es online.<\/p>\n\n\n\n<p>Em terceiro lugar, enquanto lidamos com esta pandemia, nosso time de 50,000 pessoas na Salesforce permanece focado no seu sucesso. Enquanto todas as empresas e neg\u00f3cios navegam por territ\u00f3rio desconhecido, refor\u00e7amos que a Salesforce foi constru\u00edda para lidar com momentos como este e o nosso comprometimento fundamental com o seu sucesso permanece mais forte do que nunca. Nossa empresa foi fundada sobre valores essenciais \u2014 confian\u00e7a, sucesso do cliente, inova\u00e7\u00e3o e igualdade \u2014 e estes valores continuam guiando nossas decis\u00f5es e tudo o que fazemos.<\/p>\n\n\n\n<p>Durante este per\u00edodo, estamos suportando nossas comunidades ao redor do mundo com doa\u00e7\u00f5es filantr\u00f3picas para apoiar as comunidades onde vivemos e trabalhamos. N\u00f3s tamb\u00e9m estamos disponibilizando nossa tecnologia para clientes, parceiros e comunidades.<\/p>\n\n\n\n<p>Com o&nbsp;<strong><a href=\"https:\/\/www.salesforce.com\/br\/solutions\/industries\/healthcare\/health-cloud\/\">Health Cloud<\/a><\/strong>, a Salesforce est\u00e1 oferecendo acesso gratuito para equipes de resposta emergencial, call centers e times de gest\u00e3o de cuidados ligados a sistemas de sa\u00fade afetados pelo coronav\u00edrus. A&nbsp;<strong>Tableau<\/strong>, uma empresa que adquirimos no ano passado, desenvolveu um&nbsp;<strong><a href=\"https:\/\/www.tableau.com\/covid-19-coronavirus-data-resources\">hub gratuito de dados<\/a><\/strong>&nbsp;para ajudar as organiza\u00e7\u00f5es a visualizarem e entenderem os dados da pandemia em quase tempo-real, utilizando dados compilados pela Universidade Johns Hopkins e pela Organiza\u00e7\u00e3o Mundial da Sa\u00fade, bem como dos Centros para Controle e Preven\u00e7\u00e3o de Doen\u00e7as. Para ajudar as equipes a colaborarem de forma remota, o&nbsp;<strong>Quip Starter<\/strong>&nbsp;estar\u00e1&nbsp;<strong><a href=\"https:\/\/salesforce.quip.com\/work-from-home\">dispon\u00edvel gratuitamente<\/a><\/strong>&nbsp;para qualquer cliente da Salesforce ou organiza\u00e7\u00e3o sem fins lucrativos at\u00e9 30 de Setembro de 2020. Por fim, nosso time criou um&nbsp;<strong><a href=\"https:\/\/trailhead.salesforce.com\/en\/users\/lmcgowen-hare\/trailmixes\/create-calm-while-learning\">Trailmix dispon\u00edvel gratuitamente<\/a><\/strong>&nbsp;no Trailhead com dicas de como trabalhar de casa e manter o bem-estar neste per\u00edodo.<\/p>\n\n\n\n<p>Se voc\u00ea tiver alguma outra ideia ou sugest\u00e3o de como a Salesforce pode ajudar a comunidade com a nossa tecnologia, por favor entre em contato em&nbsp;<a href=\"mailto:ceo@salesforce.com\">ceo@salesforce.com<\/a>.<\/p>\n\n\n\n<p>N\u00f3s temos equipes incr\u00edveis na Salesforce que est\u00e3o aqui para voc\u00ea. Este momento nos lembra que estamos todos conectados como nunca estivemos. Estamos sendo chamados a sermos a melhor vers\u00e3o de n\u00f3s mesmos, com paci\u00eancia, entendimento e compaix\u00e3o. Em nome de todos n\u00f3s aqui na Salesforce, estamos comprometidos em ser o seu parceiro e em perseverar juntos nos dias e anos que est\u00e3o por vir.<\/p>\n\n\n\n<p>Enquanto avan\u00e7amos, n\u00f3s iremos manter voc\u00eas atualizados e, por favor, saibam que valorizamos as suas perguntas, ideias e sugest\u00f5es.<\/p>\n\n\n\n<p>Atenciosamente,<br>Marc Benioff<br>Chair e CEO, Salesforce<\/p>\n\n\n\n<p><span id=\"authorRoot\" path=\"\/content\/blogs\/br\/pt\/authors\/\"><\/span><\/p>\n","protected":false},"excerpt":{"rendered":"<p>Marc Benioff, Chair e CEO da Salesforce, fornece aos nossos clientes uma vis\u00e3o geral sobre a abordagem da Salesforce frente \u00e0 pandemia do COVID-19<\/p>\n","protected":false},"author":1,"featured_media":15830,"comment_status":"open","ping_status":"open","sticky":false,"template":"","format":"standard","meta":{"sf_justforyou_enable_alt":true,"optimizely_content_id":"","post_meta_title":"","ai_synopsis":"","_jetpack_memberships_contains_paid_content":false,"footnotes":""},"sf_topic":[898,925],"sf_content_type":[],"blog":[1262,1205],"coauthors":[838],"class_list":["post-15832","post","type-post","status-publish","format-standard","has-post-thumbnail","hentry","sf_topic-leading-through-change","sf_topic-salesforce-culture","blog-leading-through-change","blog-salesforce-culture"],"yoast_head":"<!-- This site is optimized with the Yoast SEO Premium plugin v27.2 (Yoast SEO v27.2) - https:\/\/yoast.com\/product\/yoast-seo-premium-wordpress\/ -->\n<title>Uma Carta Para Nossos Clientes | Salesforce<\/title>\n<meta name=\"description\" content=\"Marc Benioff, Chair e CEO da Salesforce, fornece aos nossos clientes uma vis\u00e3o geral sobre a abordagem da Salesforce frente \u00e0 pandemia do COVID-19\" \/>\n<meta name=\"robots\" content=\"index, follow, max-snippet:-1, max-image-preview:large, max-video-preview:-1\" \/>\n<link rel=\"canonical\" href=\"https:\/\/www.salesforce.com\/br\/blog\/uma-carta-para-nossos-clientes\/\" \/>\n<meta property=\"og:locale\" content=\"pt_BR\" \/>\n<meta property=\"og:type\" content=\"article\" \/>\n<meta property=\"og:title\" content=\"Uma Carta Para Nossos Clientes\" \/>\n<meta property=\"og:description\" content=\"Marc Benioff, Chair e CEO da Salesforce, fornece aos nossos clientes uma vis\u00e3o geral sobre a abordagem da Salesforce frente \u00e0 pandemia do COVID-19\" \/>\n<meta property=\"og:url\" content=\"https:\/\/www.salesforce.com\/br\/blog\/uma-carta-para-nossos-clientes\/\" \/>\n<meta property=\"og:site_name\" content=\"Salesforce\" \/>\n<meta property=\"article:published_time\" content=\"2023-06-06T12:35:46+00:00\" \/>\n<meta property=\"article:modified_time\" content=\"2023-07-04T23:43:52+00:00\" \/>\n<meta property=\"og:image\" content=\"https:\/\/www.salesforce.com\/br\/blog\/wp-content\/uploads\/sites\/6\/2023\/06\/letter-to-our-customers.jpg\" \/>\n\t<meta property=\"og:image:width\" content=\"500\" \/>\n\t<meta property=\"og:image:height\" content=\"281\" \/>\n\t<meta property=\"og:image:type\" content=\"image\/jpeg\" \/>\n<meta name=\"author\" content=\"Salesforce Brasil\" \/>\n<meta name=\"twitter:card\" content=\"summary_large_image\" \/>\n<meta name=\"twitter:label1\" content=\"Escrito por\" \/>\n\t<meta name=\"twitter:data1\" content=\"digital-delivery-operations7076\" \/>\n\t<meta name=\"twitter:label2\" content=\"Est. tempo de leitura\" \/>\n\t<meta name=\"twitter:data2\" content=\"3 minutos\" \/>\n\t<meta name=\"twitter:label3\" content=\"Written by\" \/>\n\t<meta name=\"twitter:data3\" content=\"Salesforce Brasil\" \/>\n<script type=\"application\/ld+json\" class=\"yoast-schema-graph\">{\"@context\":\"https:\/\/schema.org\",\"@graph\":[{\"@type\":\"Article\",\"@id\":\"https:\/\/www.salesforce.com\/br\/blog\/uma-carta-para-nossos-clientes\/#article\",\"isPartOf\":{\"@id\":\"https:\/\/www.salesforce.com\/br\/blog\/uma-carta-para-nossos-clientes\/\"},\"author\":[{\"@id\":\"https:\/\/www.salesforce.com\/br\/blog\/#\/schema\/person\/image\/721817ecd0471fdcdbe63bb84fea85dc\"}],\"headline\":\"Uma Carta Para Nossos Clientes\",\"datePublished\":\"2023-06-06T12:35:46+00:00\",\"dateModified\":\"2023-07-04T23:43:52+00:00\",\"mainEntityOfPage\":{\"@id\":\"https:\/\/www.salesforce.com\/br\/blog\/uma-carta-para-nossos-clientes\/\"},\"wordCount\":727,\"commentCount\":0,\"image\":{\"@id\":\"https:\/\/www.salesforce.com\/br\/blog\/uma-carta-para-nossos-clientes\/#primaryimage\"},\"thumbnailUrl\":\"https:\/\/www.salesforce.com\/br\/blog\/wp-content\/uploads\/sites\/6\/2023\/06\/letter-to-our-customers.jpg\",\"inLanguage\":\"pt-BR\",\"potentialAction\":[{\"@type\":\"CommentAction\",\"name\":\"Comment\",\"target\":[\"https:\/\/www.salesforce.com\/br\/blog\/uma-carta-para-nossos-clientes\/#respond\"]}]},{\"@type\":\"WebPage\",\"@id\":\"https:\/\/www.salesforce.com\/br\/blog\/uma-carta-para-nossos-clientes\/\",\"url\":\"https:\/\/www.salesforce.com\/br\/blog\/uma-carta-para-nossos-clientes\/\",\"name\":\"Uma Carta Para Nossos Clientes | Salesforce\",\"isPartOf\":{\"@id\":\"https:\/\/www.salesforce.com\/br\/blog\/#website\"},\"primaryImageOfPage\":{\"@id\":\"https:\/\/www.salesforce.com\/br\/blog\/uma-carta-para-nossos-clientes\/#primaryimage\"},\"image\":{\"@id\":\"https:\/\/www.salesforce.com\/br\/blog\/uma-carta-para-nossos-clientes\/#primaryimage\"},\"thumbnailUrl\":\"https:\/\/www.salesforce.com\/br\/blog\/wp-content\/uploads\/sites\/6\/2023\/06\/letter-to-our-customers.jpg\",\"datePublished\":\"2023-06-06T12:35:46+00:00\",\"dateModified\":\"2023-07-04T23:43:52+00:00\",\"author\":{\"@id\":\"https:\/\/www.salesforce.com\/br\/blog\/#\/schema\/person\/601f410a2801f4ddcf6f00cb182e69d3\"},\"description\":\"Marc Benioff, Chair e CEO da Salesforce, fornece aos nossos clientes uma vis\u00e3o geral sobre a abordagem da Salesforce frente \u00e0 pandemia do COVID-19\",\"breadcrumb\":{\"@id\":\"https:\/\/www.salesforce.com\/br\/blog\/uma-carta-para-nossos-clientes\/#breadcrumb\"},\"inLanguage\":\"pt-BR\",\"potentialAction\":[{\"@type\":\"ReadAction\",\"target\":[\"https:\/\/www.salesforce.com\/br\/blog\/uma-carta-para-nossos-clientes\/\"]}]},{\"@type\":\"ImageObject\",\"inLanguage\":\"pt-BR\",\"@id\":\"https:\/\/www.salesforce.com\/br\/blog\/uma-carta-para-nossos-clientes\/#primaryimage\",\"url\":\"https:\/\/www.salesforce.com\/br\/blog\/wp-content\/uploads\/sites\/6\/2023\/06\/letter-to-our-customers.jpg\",\"contentUrl\":\"https:\/\/www.salesforce.com\/br\/blog\/wp-content\/uploads\/sites\/6\/2023\/06\/letter-to-our-customers.jpg\",\"width\":500,\"height\":281,\"caption\":\"Uma Carta para Nossos Clientes Durante a Pandemia do COVID-19\"},{\"@type\":\"BreadcrumbList\",\"@id\":\"https:\/\/www.salesforce.com\/br\/blog\/uma-carta-para-nossos-clientes\/#breadcrumb\",\"itemListElement\":[{\"@type\":\"ListItem\",\"position\":1,\"name\":\"Home\",\"item\":\"https:\/\/www.salesforce.com\/br\/blog\/\"},{\"@type\":\"ListItem\",\"position\":2,\"name\":\"Uma Carta Para Nossos Clientes\"}]},{\"@type\":\"WebSite\",\"@id\":\"https:\/\/www.salesforce.com\/br\/blog\/#website\",\"url\":\"https:\/\/www.salesforce.com\/br\/blog\/\",\"name\":\"Salesforce\",\"description\":\"Novidades sobre ia ag\u00eantica, dados e crm\",\"alternateName\":\"Salesforce Brasil\",\"potentialAction\":[{\"@type\":\"SearchAction\",\"target\":{\"@type\":\"EntryPoint\",\"urlTemplate\":\"https:\/\/www.salesforce.com\/br\/blog\/?s={search_term_string}\"},\"query-input\":{\"@type\":\"PropertyValueSpecification\",\"valueRequired\":true,\"valueName\":\"search_term_string\"}}],\"inLanguage\":\"pt-BR\"},{\"@type\":\"Person\",\"@id\":\"https:\/\/www.salesforce.com\/br\/blog\/#\/schema\/person\/image\/721817ecd0471fdcdbe63bb84fea85dc\",\"name\":\"Salesforce Brasil\",\"image\":{\"@type\":\"ImageObject\",\"inLanguage\":\"pt-BR\",\"@id\":\"https:\/\/www.salesforce.com\/br\/blog\/#\/schema\/person\/image\/1d313068b0a89247f1ca07d456b4f5e0\",\"url\":\"https:\/\/www.salesforce.com\/br\/blog\/wp-content\/uploads\/sites\/6\/2023\/07\/Salesforce-logo.webp?w=150&h=150&crop=1\",\"contentUrl\":\"https:\/\/www.salesforce.com\/br\/blog\/wp-content\/uploads\/sites\/6\/2023\/07\/Salesforce-logo.webp?w=150&h=150&crop=1\",\"width\":\"150\",\"height\":\"150\",\"caption\":\"Salesforce Brasil\"},\"description\":\"Somos uma plataforma de gerenciamento de relacionamento com o cliente (CRM) baseada na nuvem, que permite com que empresas possam gerenciar e integrar todas as suas opera\u00e7\u00f5es, como vendas, marketing, atendimento, ecommerce e TI em um lugar s\u00f3.\",\"url\":\"https:\/\/www.salesforce.com\/br\/blog\/author\/salesforce-brasil\/\"}]}<\/script>\n<!-- \/ Yoast SEO Premium plugin. -->","yoast_head_json":{"title":"Uma Carta Para Nossos Clientes | Salesforce","description":"Marc Benioff, Chair e CEO da Salesforce, fornece aos nossos clientes uma vis\u00e3o geral sobre a abordagem da Salesforce frente \u00e0 pandemia do COVID-19","robots":{"index":"index","follow":"follow","max-snippet":"max-snippet:-1","max-image-preview":"max-image-preview:large","max-video-preview":"max-video-preview:-1"},"canonical":"https:\/\/www.salesforce.com\/br\/blog\/uma-carta-para-nossos-clientes\/","og_locale":"pt_BR","og_type":"article","og_title":"Uma Carta Para Nossos Clientes","og_description":"Marc Benioff, Chair e CEO da Salesforce, fornece aos nossos clientes uma vis\u00e3o geral sobre a abordagem da Salesforce frente \u00e0 pandemia do COVID-19","og_url":"https:\/\/www.salesforce.com\/br\/blog\/uma-carta-para-nossos-clientes\/","og_site_name":"Salesforce","article_published_time":"2023-06-06T12:35:46+00:00","article_modified_time":"2023-07-04T23:43:52+00:00","og_image":[{"width":500,"height":281,"url":"https:\/\/www.salesforce.com\/br\/blog\/wp-content\/uploads\/sites\/6\/2023\/06\/letter-to-our-customers.jpg","type":"image\/jpeg"}],"author":"Salesforce Brasil","twitter_card":"summary_large_image","twitter_misc":{"Escrito por":"digital-delivery-operations7076","Est. tempo de leitura":"3 minutos","Written by":"Salesforce Brasil"},"schema":{"@context":"https:\/\/schema.org","@graph":[{"@type":"Article","@id":"https:\/\/www.salesforce.com\/br\/blog\/uma-carta-para-nossos-clientes\/#article","isPartOf":{"@id":"https:\/\/www.salesforce.com\/br\/blog\/uma-carta-para-nossos-clientes\/"},"author":[{"@id":"https:\/\/www.salesforce.com\/br\/blog\/#\/schema\/person\/image\/721817ecd0471fdcdbe63bb84fea85dc"}],"headline":"Uma Carta Para Nossos Clientes","datePublished":"2023-06-06T12:35:46+00:00","dateModified":"2023-07-04T23:43:52+00:00","mainEntityOfPage":{"@id":"https:\/\/www.salesforce.com\/br\/blog\/uma-carta-para-nossos-clientes\/"},"wordCount":727,"commentCount":0,"image":{"@id":"https:\/\/www.salesforce.com\/br\/blog\/uma-carta-para-nossos-clientes\/#primaryimage"},"thumbnailUrl":"https:\/\/www.salesforce.com\/br\/blog\/wp-content\/uploads\/sites\/6\/2023\/06\/letter-to-our-customers.jpg","inLanguage":"pt-BR","potentialAction":[{"@type":"CommentAction","name":"Comment","target":["https:\/\/www.salesforce.com\/br\/blog\/uma-carta-para-nossos-clientes\/#respond"]}]},{"@type":"WebPage","@id":"https:\/\/www.salesforce.com\/br\/blog\/uma-carta-para-nossos-clientes\/","url":"https:\/\/www.salesforce.com\/br\/blog\/uma-carta-para-nossos-clientes\/","name":"Uma Carta Para Nossos Clientes | Salesforce","isPartOf":{"@id":"https:\/\/www.salesforce.com\/br\/blog\/#website"},"primaryImageOfPage":{"@id":"https:\/\/www.salesforce.com\/br\/blog\/uma-carta-para-nossos-clientes\/#primaryimage"},"image":{"@id":"https:\/\/www.salesforce.com\/br\/blog\/uma-carta-para-nossos-clientes\/#primaryimage"},"thumbnailUrl":"https:\/\/www.salesforce.com\/br\/blog\/wp-content\/uploads\/sites\/6\/2023\/06\/letter-to-our-customers.jpg","datePublished":"2023-06-06T12:35:46+00:00","dateModified":"2023-07-04T23:43:52+00:00","author":{"@id":"https:\/\/www.salesforce.com\/br\/blog\/#\/schema\/person\/601f410a2801f4ddcf6f00cb182e69d3"},"description":"Marc Benioff, Chair e CEO da Salesforce, fornece aos nossos clientes uma vis\u00e3o geral sobre a abordagem da Salesforce frente \u00e0 pandemia do COVID-19","breadcrumb":{"@id":"https:\/\/www.salesforce.com\/br\/blog\/uma-carta-para-nossos-clientes\/#breadcrumb"},"inLanguage":"pt-BR","potentialAction":[{"@type":"ReadAction","target":["https:\/\/www.salesforce.com\/br\/blog\/uma-carta-para-nossos-clientes\/"]}]},{"@type":"ImageObject","inLanguage":"pt-BR","@id":"https:\/\/www.salesforce.com\/br\/blog\/uma-carta-para-nossos-clientes\/#primaryimage","url":"https:\/\/www.salesforce.com\/br\/blog\/wp-content\/uploads\/sites\/6\/2023\/06\/letter-to-our-customers.jpg","contentUrl":"https:\/\/www.salesforce.com\/br\/blog\/wp-content\/uploads\/sites\/6\/2023\/06\/letter-to-our-customers.jpg","width":500,"height":281,"caption":"Uma Carta para Nossos Clientes Durante a Pandemia do COVID-19"},{"@type":"BreadcrumbList","@id":"https:\/\/www.salesforce.com\/br\/blog\/uma-carta-para-nossos-clientes\/#breadcrumb","itemListElement":[{"@type":"ListItem","position":1,"name":"Home","item":"https:\/\/www.salesforce.com\/br\/blog\/"},{"@type":"ListItem","position":2,"name":"Uma Carta Para Nossos Clientes"}]},{"@type":"WebSite","@id":"https:\/\/www.salesforce.com\/br\/blog\/#website","url":"https:\/\/www.salesforce.com\/br\/blog\/","name":"Salesforce","description":"Novidades sobre ia ag\u00eantica, dados e crm","alternateName":"Salesforce Brasil","potentialAction":[{"@type":"SearchAction","target":{"@type":"EntryPoint","urlTemplate":"https:\/\/www.salesforce.com\/br\/blog\/?s={search_term_string}"},"query-input":{"@type":"PropertyValueSpecification","valueRequired":true,"valueName":"search_term_string"}}],"inLanguage":"pt-BR"},{"@type":"Person","@id":"https:\/\/www.salesforce.com\/br\/blog\/#\/schema\/person\/image\/721817ecd0471fdcdbe63bb84fea85dc","name":"Salesforce Brasil","image":{"@type":"ImageObject","inLanguage":"pt-BR","@id":"https:\/\/www.salesforce.com\/br\/blog\/#\/schema\/person\/image\/1d313068b0a89247f1ca07d456b4f5e0","url":"https:\/\/www.salesforce.com\/br\/blog\/wp-content\/uploads\/sites\/6\/2023\/07\/Salesforce-logo.webp?w=150&h=150&crop=1","contentUrl":"https:\/\/www.salesforce.com\/br\/blog\/wp-content\/uploads\/sites\/6\/2023\/07\/Salesforce-logo.webp?w=150&h=150&crop=1","width":"150","height":"150","caption":"Salesforce Brasil"},"description":"Somos uma plataforma de gerenciamento de relacionamento com o cliente (CRM) baseada na nuvem, que permite com que empresas possam gerenciar e integrar todas as suas opera\u00e7\u00f5es, como vendas, marketing, atendimento, ecommerce e TI em um lugar s\u00f3.","url":"https:\/\/www.salesforce.com\/br\/blog\/author\/salesforce-brasil\/"}]}},"jetpack_featured_media_url":"https:\/\/www.salesforce.com\/br\/blog\/wp-content\/uploads\/sites\/6\/2023\/06\/letter-to-our-customers.jpg","jetpack_sharing_enabled":true,"distributor_meta":false,"distributor_terms":false,"distributor_media":false,"distributor_original_site_name":"Salesforce","distributor_original_site_url":"https:\/\/www.salesforce.com\/br\/blog","push-errors":false,"_links":{"self":[{"href":"https:\/\/www.salesforce.com\/br\/blog\/wp-json\/wp\/v2\/posts\/15832","targetHints":{"allow":["GET"]}}],"collection":[{"href":"https:\/\/www.salesforce.com\/br\/blog\/wp-json\/wp\/v2\/posts"}],"about":[{"href":"https:\/\/www.salesforce.com\/br\/blog\/wp-json\/wp\/v2\/types\/post"}],"author":[{"embeddable":true,"href":"https:\/\/www.salesforce.com\/br\/blog\/wp-json\/wp\/v2\/users\/1"}],"replies":[{"embeddable":true,"href":"https:\/\/www.salesforce.com\/br\/blog\/wp-json\/wp\/v2\/comments?post=15832"}],"version-history":[{"count":4,"href":"https:\/\/www.salesforce.com\/br\/blog\/wp-json\/wp\/v2\/posts\/15832\/revisions"}],"predecessor-version":[{"id":17784,"href":"https:\/\/www.salesforce.com\/br\/blog\/wp-json\/wp\/v2\/posts\/15832\/revisions\/17784"}],"wp:featuredmedia":[{"embeddable":true,"href":"https:\/\/www.salesforce.com\/br\/blog\/wp-json\/wp\/v2\/media\/15830"}],"wp:attachment":[{"href":"https:\/\/www.salesforce.com\/br\/blog\/wp-json\/wp\/v2\/media?parent=15832"}],"wp:term":[{"taxonomy":"sf_topic","embeddable":true,"href":"https:\/\/www.salesforce.com\/br\/blog\/wp-json\/wp\/v2\/sf_topic?post=15832"},{"taxonomy":"sf_content_type","embeddable":true,"href":"https:\/\/www.salesforce.com\/br\/blog\/wp-json\/wp\/v2\/sf_content_type?post=15832"},{"taxonomy":"blog","embeddable":true,"href":"https:\/\/www.salesforce.com\/br\/blog\/wp-json\/wp\/v2\/blog?post=15832"},{"taxonomy":"author","embeddable":true,"href":"https:\/\/www.salesforce.com\/br\/blog\/wp-json\/wp\/v2\/coauthors?post=15832"}],"curies":[{"name":"wp","href":"https:\/\/api.w.org\/{rel}","templated":true}]}}