{"id":478,"date":"2026-08-31T10:40:29","date_gmt":"2026-08-31T13:40:29","guid":{"rendered":"https:\/\/www.salesforce.com\/?post_type=sf_press_release&#038;p=478"},"modified":"2026-08-31T10:42:15","modified_gmt":"2026-08-31T13:42:15","slug":"salesforce-e-anthropic-lancam-claudeforce","status":"publish","type":"sf_press_release","link":"https:\/\/www.salesforce.com\/br\/news\/press-releases\/2026\/08\/31\/salesforce-e-anthropic-lancam-claudeforce\/","title":{"rendered":"Salesforce e Anthropic expandem parceria e lan\u00e7am Claudeforce para integrar IA ag\u00eantica e CRM"},"content":{"rendered":"\n<p class=\"has-text-align-center wp-block-paragraph\"><em>Parceria estrat\u00e9gica leva a intelig\u00eancia e o racioc\u00ednio do Claude para a plataforma Salesforce, automatizando vendas e intelig\u00eancia corporativa com total seguran\u00e7a<\/em><\/p>\n\n\n\n<hr class=\"wp-block-separator has-alpha-channel-opacity\"\/>\n\n\n\n<p class=\"wp-block-paragraph\"><strong>S\u00c3O PAULO, 28 de agosto de 2026<\/strong>&nbsp;\u2014 A Salesforce e a Anthropic anunciam o&nbsp;<strong>Claudeforce<\/strong>, uma parceria estrat\u00e9gica expandida que une a intelig\u00eancia e o racioc\u00ednio do Claude \u00e0 estrutura empresarial confi\u00e1vel da Salesforce. A uni\u00e3o torna dados, fluxos de trabalho, regras de neg\u00f3cio, a\u00e7\u00f5es e governan\u00e7a da Salesforce acess\u00edveis de forma segura para impulsionar experi\u00eancias ag\u00eanticas onde quer que o trabalho aconte\u00e7a.<\/p>\n\n\n\n<p class=\"wp-block-paragraph\">A parceria Claudeforce \u00e9 lan\u00e7ada com a&nbsp;<strong>Salesforce no Claude<\/strong>, um plugin com 37 habilidades de vendas pr\u00e9-configuradas que permitem a vendedores e agentes analisar o contexto de receita em tempo real, automatizar atualiza\u00e7\u00f5es de pipeline e tomar a\u00e7\u00f5es governadas diretamente no Claude, levando o poder da Salesforce para onde as equipes comerciais j\u00e1 trabalham. As empresas tamb\u00e9m planejam introduzir novas integra\u00e7\u00f5es entre Claude, Salesforce e Slack, expandindo o uso cruzado de suas tecnologias.<\/p>\n\n\n\n<p class=\"wp-block-paragraph\">A parceria contempla dois pilares principais:<\/p>\n\n\n\n<h6 id=\"h-1-salesforce-no-claude-salesforce-inside-claude\" class=\"wp-block-heading\"><strong>1. Salesforce no Claude (Salesforce inside Claude)<\/strong><\/h6>\n\n\n\n<p class=\"wp-block-paragraph\">O lan\u00e7amento traz um plugin capaz de compreender todo o ciclo de receita da equipe de vendas e atuar sobre ele, funcionando como um&nbsp;<strong>&#8220;AI CRO&#8221;<\/strong>&nbsp;(Diretor de Receita virtual). S\u00e3o 37 habilidades de vendas pr\u00e9-constru\u00eddas, incluindo prepara\u00e7\u00e3o para reuni\u00f5es, an\u00e1lise de sa\u00fade de negocia\u00e7\u00f5es e revis\u00e3o de pipeline.<\/p>\n\n\n\n<p class=\"wp-block-paragraph\">Desenvolvidas conjuntamente pela Salesforce e pela Anthropic, essas habilidades foram projetadas especificamente para aproveitar o racioc\u00ednio do Claude, o uso de ferramentas ag\u00eanticas e interfaces generativas. O recurso inclui uma experi\u00eancia de integra\u00e7\u00e3o que l\u00ea o contexto empresarial do vendedor (Salesforce, Slack e conectores do Claude) para estruturar um painel personalizado com suas contas, pipeline e dados ao vivo em visualiza\u00e7\u00f5es interativas.<\/p>\n\n\n\n<p class=\"wp-block-paragraph\">Como nenhuma empresa vende da mesma forma, todas as a\u00e7\u00f5es s\u00e3o direcionadas pelas regras da Salesforce para garantir a conformidade corporativa. A implementa\u00e7\u00e3o \u00e9 simples: o administrador conecta a solu\u00e7\u00e3o uma \u00fanica vez, com autentica\u00e7\u00e3o e permiss\u00f5es gerenciadas centralmente, concedendo acesso imediato a toda a equipe sem necessidade de configura\u00e7\u00f5es individuais por usu\u00e1rio.<\/p>\n\n\n\n<h6 id=\"h-2-claude-na-salesforce-claude-inside-salesforce\" class=\"wp-block-heading\"><strong>2. Claude na Salesforce (Claude inside Salesforce)<\/strong><br><\/h6>\n\n\n\n<p class=\"wp-block-paragraph\">O Claude combina racioc\u00ednio em m\u00faltiplas etapas e execu\u00e7\u00e3o de tarefas complexas com a rigorosa abordagem de seguran\u00e7a e interpretabilidade da Anthropic. O Claude passa a estar dispon\u00edvel no&nbsp;<strong>Agentforce<\/strong>, atuando como modelo de racioc\u00ednio para o&nbsp;<em>Atlas Reasoning Engine<\/em>, alimentando por padr\u00e3o os recursos&nbsp;<em>Agentforce Vibes<\/em>&nbsp;e&nbsp;<em>Agentforce Coworker<\/em>, al\u00e9m de estar dispon\u00edvel no&nbsp;<em>Agent Builder<\/em>.<\/p>\n\n\n\n<p class=\"wp-block-paragraph\">Por meio do&nbsp;<strong>Amazon Bedrock<\/strong>, o Claude est\u00e1 dispon\u00edvel dentro da camada de seguran\u00e7a da Salesforce (<em>Salesforce Trust Boundary<\/em>), permitindo que clientes \u2014 incluindo aqueles em setores altamente regulados no Brasil e no mundo \u2014 implantem IA especializada mantendo a total seguran\u00e7a de seus dados e cargas de trabalho.<\/p>\n\n\n\n<p class=\"wp-block-paragraph\"><em>&#8220;Estamos unindo a IA n\u00famero um do mundo ao CRM n\u00famero um do mundo \u2014 o melhor dos dois mundos. Hoje, estamos lan\u00e7ando o Claudeforce, rodando diretamente sobre a Salesforce por meio da nossa nova estrutura de interface AIforce, Headless 360, Data 360, Tableau e Slack. Aqui, a pr\u00f3pria interface \u00e9 a IA, permitindo construir aplicativos personalizados dinamicamente e responder a qualquer pergunta empresarial&#8221;, <\/em>comenta<strong> Marc Benioff, Chair e CEO da Salesforce.<\/strong><\/p>\n\n\n\n<p class=\"wp-block-paragraph\"><em>&#8220;Acreditamos que a intelig\u00eancia de fronteira deve ser segura, confi\u00e1vel e altamente capaz, raz\u00e3o pela qual as empresas l\u00edderes do mundo recorrem ao Claude para seus trabalhos mais importantes. Por meio dessa parceria, as empresas podem direcionar o Claude para as informa\u00e7\u00f5es de clientes e contextos de neg\u00f3cios que v\u00eam construindo na Salesforce h\u00e1 d\u00e9cadas, usando tudo isso para realmente gerir e expandir seus neg\u00f3cios&#8221;, <\/em>aborda<em> <\/em><strong>Dario Amodei, CEO e Co-fundador da Anthropic<\/strong>.<\/p>\n\n\n\n<p class=\"wp-block-paragraph\">Para mais informa\u00e7\u00f5es, acesse o <a href=\"https:\/\/www.salesforce.com\/news\/press-releases\/2026\/08\/26\/salesforce-and-anthropic-announce-claudeforce\/\">site da Salesforce<\/a>.<br><\/p>\n","protected":false},"excerpt":{"rendered":"<p>Parceria estrat\u00e9gica leva a intelig\u00eancia e o racioc\u00ednio do Claude para a plataforma Salesforce, automatizando vendas e intelig\u00eancia corporativa com total seguran\u00e7a S\u00c3O PAULO, 28 de agosto de 2026&nbsp;\u2014 A Salesforce e a Anthropic anunciam o&nbsp;Claudeforce, uma parceria estrat\u00e9gica expandida que une a intelig\u00eancia e o racioc\u00ednio do Claude \u00e0 estrutura empresarial confi\u00e1vel da Salesforce. [&hellip;]<\/p>\n","protected":false},"author":467,"featured_media":479,"template":"","meta":{"sf_subhead":"","sf_i18n_disclaimer":false,"alternateThumbnailId":0,"sf_product_cta_id":0,"footnotes":""},"sf_content_type":[],"sf_theme":[64],"sf_topic":[6,313,7,38],"sf_product":[72,327,96,98,99],"sf_industry":[],"sf_role":[],"sf_multimedia_asset":[],"sf_location":[],"sf_collection":[],"sf_visibility":[],"coauthors":[309],"class_list":["post-478","sf_press_release","type-sf_press_release","status-publish","has-post-thumbnail","hentry","sf_theme-agentic-ai","sf_topic-agentes","sf_topic-agentic-enterprise","sf_topic-ia","sf_topic-parceiros-salesforce","sf_product-agentforce","sf_product-data-360","sf_product-salesforce-platform","sf_product-slack","sf_product-tableau"],"yoast_head":"<!-- This site is optimized with the Yoast SEO Premium plugin v28.2 (Yoast SEO v28.2) - https:\/\/yoast.com\/product\/yoast-seo-premium-wordpress\/ -->\n<title>Salesforce e Anthropic expandem parceria e lan\u00e7am Claudeforce para integrar IA ag\u00eantica e CRM - Salesforce<\/title>\n<meta name=\"robots\" content=\"index, follow, max-snippet:-1, max-image-preview:large, max-video-preview:-1\" \/>\n<link rel=\"canonical\" href=\"https:\/\/www.salesforce.com\/br\/news\/press-releases\/2026\/08\/31\/salesforce-e-anthropic-lancam-claudeforce\/\" \/>\n<meta property=\"og:locale\" content=\"pt_BR\" \/>\n<meta property=\"og:type\" content=\"article\" \/>\n<meta property=\"og:title\" content=\"Salesforce e Anthropic expandem parceria e lan\u00e7am Claudeforce para integrar IA ag\u00eantica e CRM\" \/>\n<meta property=\"og:description\" content=\"Parceria estrat\u00e9gica leva a intelig\u00eancia e o racioc\u00ednio do Claude para a plataforma Salesforce, automatizando vendas e intelig\u00eancia corporativa com total seguran\u00e7a S\u00c3O PAULO, 28 de agosto de 2026&nbsp;\u2014 A Salesforce e a Anthropic anunciam o&nbsp;Claudeforce, uma parceria estrat\u00e9gica expandida que une a intelig\u00eancia e o racioc\u00ednio do Claude \u00e0 estrutura empresarial confi\u00e1vel da Salesforce. [&hellip;]\" \/>\n<meta property=\"og:url\" content=\"https:\/\/www.salesforce.com\/br\/news\/press-releases\/2026\/08\/31\/salesforce-e-anthropic-lancam-claudeforce\/\" \/>\n<meta property=\"og:site_name\" content=\"Salesforce\" \/>\n<meta property=\"article:modified_time\" content=\"2026-08-31T13:42:15+00:00\" \/>\n<meta property=\"og:image\" content=\"https:\/\/www.salesforce.com\/br\/news\/wp-content\/uploads\/sites\/30\/2026\/08\/Anthropic-Partnership.webp\" \/>\n\t<meta property=\"og:image:width\" content=\"1024\" \/>\n\t<meta property=\"og:image:height\" content=\"576\" \/>\n\t<meta property=\"og:image:type\" content=\"image\/webp\" \/>\n<meta name=\"twitter:card\" content=\"summary_large_image\" \/>\n<meta name=\"twitter:label1\" content=\"Est. tempo de leitura\" \/>\n\t<meta name=\"twitter:data1\" content=\"4 minutos\" \/>\n\t<meta name=\"twitter:label2\" content=\"Written by\" \/>\n\t<meta name=\"twitter:data2\" content=\"in-news\" \/>\n<script type=\"application\/ld+json\" class=\"yoast-schema-graph\">{\"@context\":\"https:\\\/\\\/schema.org\",\"@graph\":[{\"@type\":\"NewsArticle\",\"@id\":\"https:\\\/\\\/www.salesforce.com\\\/br\\\/news\\\/press-releases\\\/2026\\\/08\\\/31\\\/salesforce-e-anthropic-lancam-claudeforce\\\/#article\",\"isPartOf\":{\"@id\":\"https:\\\/\\\/www.salesforce.com\\\/br\\\/news\\\/press-releases\\\/2026\\\/08\\\/31\\\/salesforce-e-anthropic-lancam-claudeforce\\\/\"},\"author\":[{\"@id\":\"https:\\\/\\\/www.salesforce.com\\\/br\\\/news\\\/#\\\/schema\\\/person\\\/0e4e75fa61fdfeed791c35d196f077b5\"}],\"headline\":\"Salesforce e Anthropic expandem parceria e lan\u00e7am Claudeforce para integrar IA ag\u00eantica e CRM\",\"datePublished\":\"2026-08-31T13:40:29+00:00\",\"dateModified\":\"2026-08-31T13:42:15+00:00\",\"mainEntityOfPage\":{\"@id\":\"https:\\\/\\\/www.salesforce.com\\\/br\\\/news\\\/press-releases\\\/2026\\\/08\\\/31\\\/salesforce-e-anthropic-lancam-claudeforce\\\/\"},\"wordCount\":688,\"image\":{\"@id\":\"https:\\\/\\\/www.salesforce.com\\\/br\\\/news\\\/press-releases\\\/2026\\\/08\\\/31\\\/salesforce-e-anthropic-lancam-claudeforce\\\/#primaryimage\"},\"thumbnailUrl\":\"https:\\\/\\\/www.salesforce.com\\\/br\\\/news\\\/wp-content\\\/uploads\\\/sites\\\/30\\\/2026\\\/08\\\/Anthropic-Partnership.webp\",\"inLanguage\":\"pt-BR\"},{\"@type\":\"WebPage\",\"@id\":\"https:\\\/\\\/www.salesforce.com\\\/br\\\/news\\\/press-releases\\\/2026\\\/08\\\/31\\\/salesforce-e-anthropic-lancam-claudeforce\\\/\",\"url\":\"https:\\\/\\\/www.salesforce.com\\\/br\\\/news\\\/press-releases\\\/2026\\\/08\\\/31\\\/salesforce-e-anthropic-lancam-claudeforce\\\/\",\"name\":\"Salesforce e Anthropic expandem parceria e lan\u00e7am Claudeforce para integrar IA ag\u00eantica e CRM - Salesforce\",\"isPartOf\":{\"@id\":\"https:\\\/\\\/www.salesforce.com\\\/br\\\/news\\\/#website\"},\"primaryImageOfPage\":{\"@id\":\"https:\\\/\\\/www.salesforce.com\\\/br\\\/news\\\/press-releases\\\/2026\\\/08\\\/31\\\/salesforce-e-anthropic-lancam-claudeforce\\\/#primaryimage\"},\"image\":{\"@id\":\"https:\\\/\\\/www.salesforce.com\\\/br\\\/news\\\/press-releases\\\/2026\\\/08\\\/31\\\/salesforce-e-anthropic-lancam-claudeforce\\\/#primaryimage\"},\"thumbnailUrl\":\"https:\\\/\\\/www.salesforce.com\\\/br\\\/news\\\/wp-content\\\/uploads\\\/sites\\\/30\\\/2026\\\/08\\\/Anthropic-Partnership.webp\",\"datePublished\":\"2026-08-31T13:40:29+00:00\",\"dateModified\":\"2026-08-31T13:42:15+00:00\",\"breadcrumb\":{\"@id\":\"https:\\\/\\\/www.salesforce.com\\\/br\\\/news\\\/press-releases\\\/2026\\\/08\\\/31\\\/salesforce-e-anthropic-lancam-claudeforce\\\/#breadcrumb\"},\"inLanguage\":\"pt-BR\",\"potentialAction\":[{\"@type\":\"ReadAction\",\"target\":[\"https:\\\/\\\/www.salesforce.com\\\/br\\\/news\\\/press-releases\\\/2026\\\/08\\\/31\\\/salesforce-e-anthropic-lancam-claudeforce\\\/\"]}]},{\"@type\":\"ImageObject\",\"inLanguage\":\"pt-BR\",\"@id\":\"https:\\\/\\\/www.salesforce.com\\\/br\\\/news\\\/press-releases\\\/2026\\\/08\\\/31\\\/salesforce-e-anthropic-lancam-claudeforce\\\/#primaryimage\",\"url\":\"https:\\\/\\\/www.salesforce.com\\\/br\\\/news\\\/wp-content\\\/uploads\\\/sites\\\/30\\\/2026\\\/08\\\/Anthropic-Partnership.webp\",\"contentUrl\":\"https:\\\/\\\/www.salesforce.com\\\/br\\\/news\\\/wp-content\\\/uploads\\\/sites\\\/30\\\/2026\\\/08\\\/Anthropic-Partnership.webp\",\"width\":1024,\"height\":576},{\"@type\":\"BreadcrumbList\",\"@id\":\"https:\\\/\\\/www.salesforce.com\\\/br\\\/news\\\/press-releases\\\/2026\\\/08\\\/31\\\/salesforce-e-anthropic-lancam-claudeforce\\\/#breadcrumb\",\"itemListElement\":[{\"@type\":\"ListItem\",\"position\":1,\"name\":\"Home\",\"item\":\"https:\\\/\\\/www.salesforce.com\\\/br\\\/news\\\/\"},{\"@type\":\"ListItem\",\"position\":2,\"name\":\"Press Releases\",\"item\":\"https:\\\/\\\/www.salesforce.com\\\/br\\\/news\\\/sf_press_release\\\/\"},{\"@type\":\"ListItem\",\"position\":3,\"name\":\"Salesforce e Anthropic expandem parceria e lan\u00e7am Claudeforce para integrar IA ag\u00eantica e CRM\"}]},{\"@type\":\"WebSite\",\"@id\":\"https:\\\/\\\/www.salesforce.com\\\/br\\\/news\\\/#website\",\"url\":\"https:\\\/\\\/www.salesforce.com\\\/br\\\/news\\\/\",\"name\":\"Salesforce\",\"description\":\"\",\"potentialAction\":[{\"@type\":\"SearchAction\",\"target\":{\"@type\":\"EntryPoint\",\"urlTemplate\":\"https:\\\/\\\/www.salesforce.com\\\/br\\\/news\\\/?s={search_term_string}\"},\"query-input\":{\"@type\":\"PropertyValueSpecification\",\"valueRequired\":true,\"valueName\":\"search_term_string\"}}],\"inLanguage\":\"pt-BR\"},{\"@type\":\"Person\",\"@id\":\"https:\\\/\\\/www.salesforce.com\\\/br\\\/news\\\/#\\\/schema\\\/person\\\/0e4e75fa61fdfeed791c35d196f077b5\",\"name\":\"\",\"image\":{\"@type\":\"ImageObject\",\"inLanguage\":\"pt-BR\",\"@id\":\"https:\\\/\\\/secure.gravatar.com\\\/avatar\\\/05af745405ea6044f33450fb99dc60d0811d4d7aa9566d83fe42c07d89693a19?s=96&d=mm&r=g3e9c2b0fad4e47c566b7be5ff1f58cab\",\"url\":\"https:\\\/\\\/secure.gravatar.com\\\/avatar\\\/05af745405ea6044f33450fb99dc60d0811d4d7aa9566d83fe42c07d89693a19?s=96&d=mm&r=g\",\"contentUrl\":\"https:\\\/\\\/secure.gravatar.com\\\/avatar\\\/05af745405ea6044f33450fb99dc60d0811d4d7aa9566d83fe42c07d89693a19?s=96&d=mm&r=g\"},\"url\":\"https:\\\/\\\/www.salesforce.com\\\/br\\\/news\\\/author\\\/in-news\\\/\"}]}<\/script>\n<!-- \/ Yoast SEO Premium plugin. -->","yoast_head_json":{"title":"Salesforce e Anthropic expandem parceria e lan\u00e7am Claudeforce para integrar IA ag\u00eantica e CRM - Salesforce","robots":{"index":"index","follow":"follow","max-snippet":"max-snippet:-1","max-image-preview":"max-image-preview:large","max-video-preview":"max-video-preview:-1"},"canonical":"https:\/\/www.salesforce.com\/br\/news\/press-releases\/2026\/08\/31\/salesforce-e-anthropic-lancam-claudeforce\/","og_locale":"pt_BR","og_type":"article","og_title":"Salesforce e Anthropic expandem parceria e lan\u00e7am Claudeforce para integrar IA ag\u00eantica e CRM","og_description":"Parceria estrat\u00e9gica leva a intelig\u00eancia e o racioc\u00ednio do Claude para a plataforma Salesforce, automatizando vendas e intelig\u00eancia corporativa com total seguran\u00e7a S\u00c3O PAULO, 28 de agosto de 2026&nbsp;\u2014 A Salesforce e a Anthropic anunciam o&nbsp;Claudeforce, uma parceria estrat\u00e9gica expandida que une a intelig\u00eancia e o racioc\u00ednio do Claude \u00e0 estrutura empresarial confi\u00e1vel da Salesforce. [&hellip;]","og_url":"https:\/\/www.salesforce.com\/br\/news\/press-releases\/2026\/08\/31\/salesforce-e-anthropic-lancam-claudeforce\/","og_site_name":"Salesforce","article_modified_time":"2026-08-31T13:42:15+00:00","og_image":[{"width":1024,"height":576,"url":"https:\/\/www.salesforce.com\/br\/news\/wp-content\/uploads\/sites\/30\/2026\/08\/Anthropic-Partnership.webp","type":"image\/webp"}],"twitter_card":"summary_large_image","twitter_misc":{"Est. tempo de leitura":"4 minutos","Written by":"in-news"},"schema":{"@context":"https:\/\/schema.org","@graph":[{"@type":"NewsArticle","@id":"https:\/\/www.salesforce.com\/br\/news\/press-releases\/2026\/08\/31\/salesforce-e-anthropic-lancam-claudeforce\/#article","isPartOf":{"@id":"https:\/\/www.salesforce.com\/br\/news\/press-releases\/2026\/08\/31\/salesforce-e-anthropic-lancam-claudeforce\/"},"author":[{"@id":"https:\/\/www.salesforce.com\/br\/news\/#\/schema\/person\/0e4e75fa61fdfeed791c35d196f077b5"}],"headline":"Salesforce e Anthropic expandem parceria e lan\u00e7am Claudeforce para integrar IA ag\u00eantica e CRM","datePublished":"2026-08-31T13:40:29+00:00","dateModified":"2026-08-31T13:42:15+00:00","mainEntityOfPage":{"@id":"https:\/\/www.salesforce.com\/br\/news\/press-releases\/2026\/08\/31\/salesforce-e-anthropic-lancam-claudeforce\/"},"wordCount":688,"image":{"@id":"https:\/\/www.salesforce.com\/br\/news\/press-releases\/2026\/08\/31\/salesforce-e-anthropic-lancam-claudeforce\/#primaryimage"},"thumbnailUrl":"https:\/\/www.salesforce.com\/br\/news\/wp-content\/uploads\/sites\/30\/2026\/08\/Anthropic-Partnership.webp","inLanguage":"pt-BR"},{"@type":"WebPage","@id":"https:\/\/www.salesforce.com\/br\/news\/press-releases\/2026\/08\/31\/salesforce-e-anthropic-lancam-claudeforce\/","url":"https:\/\/www.salesforce.com\/br\/news\/press-releases\/2026\/08\/31\/salesforce-e-anthropic-lancam-claudeforce\/","name":"Salesforce e Anthropic expandem parceria e lan\u00e7am Claudeforce para integrar IA ag\u00eantica e CRM - Salesforce","isPartOf":{"@id":"https:\/\/www.salesforce.com\/br\/news\/#website"},"primaryImageOfPage":{"@id":"https:\/\/www.salesforce.com\/br\/news\/press-releases\/2026\/08\/31\/salesforce-e-anthropic-lancam-claudeforce\/#primaryimage"},"image":{"@id":"https:\/\/www.salesforce.com\/br\/news\/press-releases\/2026\/08\/31\/salesforce-e-anthropic-lancam-claudeforce\/#primaryimage"},"thumbnailUrl":"https:\/\/www.salesforce.com\/br\/news\/wp-content\/uploads\/sites\/30\/2026\/08\/Anthropic-Partnership.webp","datePublished":"2026-08-31T13:40:29+00:00","dateModified":"2026-08-31T13:42:15+00:00","breadcrumb":{"@id":"https:\/\/www.salesforce.com\/br\/news\/press-releases\/2026\/08\/31\/salesforce-e-anthropic-lancam-claudeforce\/#breadcrumb"},"inLanguage":"pt-BR","potentialAction":[{"@type":"ReadAction","target":["https:\/\/www.salesforce.com\/br\/news\/press-releases\/2026\/08\/31\/salesforce-e-anthropic-lancam-claudeforce\/"]}]},{"@type":"ImageObject","inLanguage":"pt-BR","@id":"https:\/\/www.salesforce.com\/br\/news\/press-releases\/2026\/08\/31\/salesforce-e-anthropic-lancam-claudeforce\/#primaryimage","url":"https:\/\/www.salesforce.com\/br\/news\/wp-content\/uploads\/sites\/30\/2026\/08\/Anthropic-Partnership.webp","contentUrl":"https:\/\/www.salesforce.com\/br\/news\/wp-content\/uploads\/sites\/30\/2026\/08\/Anthropic-Partnership.webp","width":1024,"height":576},{"@type":"BreadcrumbList","@id":"https:\/\/www.salesforce.com\/br\/news\/press-releases\/2026\/08\/31\/salesforce-e-anthropic-lancam-claudeforce\/#breadcrumb","itemListElement":[{"@type":"ListItem","position":1,"name":"Home","item":"https:\/\/www.salesforce.com\/br\/news\/"},{"@type":"ListItem","position":2,"name":"Press Releases","item":"https:\/\/www.salesforce.com\/br\/news\/sf_press_release\/"},{"@type":"ListItem","position":3,"name":"Salesforce e Anthropic expandem parceria e lan\u00e7am Claudeforce para integrar IA ag\u00eantica e CRM"}]},{"@type":"WebSite","@id":"https:\/\/www.salesforce.com\/br\/news\/#website","url":"https:\/\/www.salesforce.com\/br\/news\/","name":"Salesforce","description":"","potentialAction":[{"@type":"SearchAction","target":{"@type":"EntryPoint","urlTemplate":"https:\/\/www.salesforce.com\/br\/news\/?s={search_term_string}"},"query-input":{"@type":"PropertyValueSpecification","valueRequired":true,"valueName":"search_term_string"}}],"inLanguage":"pt-BR"},{"@type":"Person","@id":"https:\/\/www.salesforce.com\/br\/news\/#\/schema\/person\/0e4e75fa61fdfeed791c35d196f077b5","name":"","image":{"@type":"ImageObject","inLanguage":"pt-BR","@id":"https:\/\/secure.gravatar.com\/avatar\/05af745405ea6044f33450fb99dc60d0811d4d7aa9566d83fe42c07d89693a19?s=96&d=mm&r=g3e9c2b0fad4e47c566b7be5ff1f58cab","url":"https:\/\/secure.gravatar.com\/avatar\/05af745405ea6044f33450fb99dc60d0811d4d7aa9566d83fe42c07d89693a19?s=96&d=mm&r=g","contentUrl":"https:\/\/secure.gravatar.com\/avatar\/05af745405ea6044f33450fb99dc60d0811d4d7aa9566d83fe42c07d89693a19?s=96&d=mm&r=g"},"url":"https:\/\/www.salesforce.com\/br\/news\/author\/in-news\/"}]}},"jetpack_sharing_enabled":true,"distributor_meta":false,"distributor_terms":false,"distributor_media":false,"distributor_original_site_name":"Salesforce","distributor_original_site_url":"https:\/\/www.salesforce.com\/br\/news","push-errors":false,"_links":{"self":[{"href":"https:\/\/www.salesforce.com\/br\/news\/wp-json\/wp\/v2\/sf_press_release\/478","targetHints":{"allow":["GET"]}}],"collection":[{"href":"https:\/\/www.salesforce.com\/br\/news\/wp-json\/wp\/v2\/sf_press_release"}],"about":[{"href":"https:\/\/www.salesforce.com\/br\/news\/wp-json\/wp\/v2\/types\/sf_press_release"}],"author":[{"embeddable":true,"href":"https:\/\/www.salesforce.com\/br\/news\/wp-json\/wp\/v2\/users\/467"}],"version-history":[{"count":2,"href":"https:\/\/www.salesforce.com\/br\/news\/wp-json\/wp\/v2\/sf_press_release\/478\/revisions"}],"predecessor-version":[{"id":481,"href":"https:\/\/www.salesforce.com\/br\/news\/wp-json\/wp\/v2\/sf_press_release\/478\/revisions\/481"}],"wp:featuredmedia":[{"embeddable":true,"href":"https:\/\/www.salesforce.com\/br\/news\/wp-json\/wp\/v2\/media\/479"}],"wp:attachment":[{"href":"https:\/\/www.salesforce.com\/br\/news\/wp-json\/wp\/v2\/media?parent=478"}],"wp:term":[{"taxonomy":"sf_content_type","embeddable":true,"href":"https:\/\/www.salesforce.com\/br\/news\/wp-json\/wp\/v2\/sf_content_type?post=478"},{"taxonomy":"sf_theme","embeddable":true,"href":"https:\/\/www.salesforce.com\/br\/news\/wp-json\/wp\/v2\/sf_theme?post=478"},{"taxonomy":"sf_topic","embeddable":true,"href":"https:\/\/www.salesforce.com\/br\/news\/wp-json\/wp\/v2\/sf_topic?post=478"},{"taxonomy":"sf_product","embeddable":true,"href":"https:\/\/www.salesforce.com\/br\/news\/wp-json\/wp\/v2\/sf_product?post=478"},{"taxonomy":"sf_industry","embeddable":true,"href":"https:\/\/www.salesforce.com\/br\/news\/wp-json\/wp\/v2\/sf_industry?post=478"},{"taxonomy":"sf_role","embeddable":true,"href":"https:\/\/www.salesforce.com\/br\/news\/wp-json\/wp\/v2\/sf_role?post=478"},{"taxonomy":"sf_multimedia_asset","embeddable":true,"href":"https:\/\/www.salesforce.com\/br\/news\/wp-json\/wp\/v2\/sf_multimedia_asset?post=478"},{"taxonomy":"sf_location","embeddable":true,"href":"https:\/\/www.salesforce.com\/br\/news\/wp-json\/wp\/v2\/sf_location?post=478"},{"taxonomy":"sf_collection","embeddable":true,"href":"https:\/\/www.salesforce.com\/br\/news\/wp-json\/wp\/v2\/sf_collection?post=478"},{"taxonomy":"sf_visibility","embeddable":true,"href":"https:\/\/www.salesforce.com\/br\/news\/wp-json\/wp\/v2\/sf_visibility?post=478"},{"taxonomy":"author","embeddable":true,"href":"https:\/\/www.salesforce.com\/br\/news\/wp-json\/wp\/v2\/coauthors?post=478"}],"curies":[{"name":"wp","href":"https:\/\/api.w.org\/{rel}","templated":true}]}}