{"id":3615,"date":"2024-11-27T08:00:00","date_gmt":"2024-11-27T08:00:00","guid":{"rendered":"https:\/\/www.salesforce.com\/?p=3615"},"modified":"2024-11-28T09:24:20","modified_gmt":"2024-11-28T09:24:20","slug":"jean-michel-mougeolle-lhomme-a-lorigine-du-french-touch-dreamin","status":"publish","type":"post","link":"https:\/\/www.salesforce.com\/fr\/blog\/jean-michel-mougeolle-lhomme-a-lorigine-du-french-touch-dreamin\/","title":{"rendered":"Jean-Michel Mougeolle, l\u2019homme \u00e0 l\u2019origine du French Touch Dreamin\u2019"},"content":{"rendered":"\n<p><strong>Jean-Michel Mougeolle, fondateur de SharinPix, aime \u00e0 se d\u00e9finir comme un assembleur malin de technologies. D\u00e9veloppeur \u00e0 ses d\u00e9buts, puis directeur des syst\u00e8mes d\u2019information, il d\u00e9couvre Salesforce en 2009 et devient vite un visage incontournable de sa communaut\u00e9 en France. Co-fondateur de l&rsquo;\u00e9v\u00e9nement French Touch Dreamin\u2019 et heureux d\u00e9tenteur du titre de Salesforce MVP Hall of Fame, il d\u00e9fend l\u2019entraide et le partage d\u2019exp\u00e9rience comme moteurs d&rsquo;innovation.<\/strong><\/p>\n\n\n\n<h2 class=\"wp-block-heading\" id=\"h-jean-michel-presentez-nous-votre-parcours-en-quelques-mots\"><strong>Jean-Michel, pr\u00e9sentez-nous votre parcours en quelques mots.<\/strong><\/h2>\n\n\n\n<p>Je suis le fondateur et CEO de SharinPix, <a href=\"https:\/\/bit.ly\/SharinPixAppExchange\">une application disponible sur le magasin d\u2019applications de Salesforce<\/a> \u2013 AppExchange \u2013 qui permet de g\u00e9rer des visuels dans les outils Salesforce. J\u2019ai commenc\u00e9 ma carri\u00e8re comme d\u00e9veloppeur dans des start-up telles que Business Object, premi\u00e8re start-up fran\u00e7aise cot\u00e9e au Nasdaq, o\u00f9 je pilotais des projets R&amp;D, avant d\u2019occuper le poste de directeur des syst\u00e8mes d\u2019information (DSI) chez Meilleurtaux.com, puis chez Mikit, un constructeur de maison individuelle.<\/p>\n\n\n\n<p>Mon exp\u00e9rience des deux c\u00f4t\u00e9s de la barri\u00e8re \u2013 \u00e0 la fois en tant que d\u00e9veloppeur de produits et acheteur de produits \u2013 me donne une bonne vision des besoins des entreprises. J&rsquo;aime me d\u00e9finir comme un assembleur malin de technologies existantes.<\/p>\n\n\n\n<h2 class=\"wp-block-heading\" id=\"h-que-fait-sharinpix-plus-precisement\"><strong>Que fait SharinPix plus pr\u00e9cis\u00e9ment ?<\/strong><\/h2>\n\n\n\n<p>SharinPix permet de visualiser, partager et traiter des documents visuels dans Salesforce (photos, vid\u00e9os, plans, etc.). L&rsquo;id\u00e9e est n\u00e9e chez Mikit, o\u00f9 il fallait int\u00e9grer des images de chantiers dans les outils internes. J\u2019ai cr\u00e9e l\u2019entreprise en 2016 et nous comptons aujourd\u2019hui plus de 500 clients, principalement en Am\u00e9rique du Nord. L\u2019application est utilis\u00e9e par des \u00e9quipes terrain pour partager des informations visuelles avec leur back-office, dans des secteurs comme la construction, l\u2019industrie, le retail ou encore le design.<\/p>\n\n\n\n<h2 class=\"wp-block-heading\" id=\"h-quand-avez-vous-entendu-parle-de-salesforce-pour-la-premiere-fois\"><strong>Quand avez-vous entendu parl\u00e9 de Salesforce pour la premi\u00e8re fois ?<\/strong><\/h2>\n\n\n\n<p>En 2009, quand j\u2019\u00e9tais DSI de <a href=\"https:\/\/www.salesforce.com\/fr\/blog\/gestion-donnees-marketing-ia\/\">meilleurtaux.com.<\/a> Je cherchais une solution pour regrouper plusieurs petits CRM tout en connectant les donn\u00e9es collect\u00e9es par le call-center et le site web de l&rsquo;entreprise. J&rsquo;ai rapidement r\u00e9alis\u00e9 que Salesforce offrait bien plus que cela, et j\u2019ai voulu en savoir plus. Cela m&rsquo;a conduit \u00e0 San Francisco, o\u00f9 j&rsquo;ai assist\u00e9 \u00e0 Dreamforce, le plus grand \u00e9v\u00e9nement annuel de Salesforce. En 2010, j\u2019ai rejoint le seul groupe d\u2019utilisateurs de Salesforce qui existait alors en France et me suis investi activement, jusqu&rsquo;\u00e0 en devenir le leader. Aujourd&rsquo;hui, je continue \u00e0 animer le \u201cadmin users group\u201d de Paris, un groupe d\u00e9di\u00e9 aux profils administrateurs de la plateforme.<\/p>\n\n\n\n<h2 class=\"wp-block-heading\" id=\"h-vous-avez-vu-grandir-et-se-developper-les-groupes-d-utilisateurs-salesforce-en-france-pouvez-vous-nous-raconter-comment-ces-groupes-d-utilisateurs-se-sont-developpes\"><strong>Vous avez vu grandir et se d\u00e9velopper les groupes d\u2019utilisateurs Salesforce en France, pouvez-vous nous raconter comment ces groupes d\u2019utilisateurs se sont d\u00e9velopp\u00e9s ?<\/strong><\/h2>\n\n\n\n<p>Bien s\u00fbr ! Aujourd\u2019hui, les groupes d\u2019utilisateurs de Salesforce se rassemblent pour \u00e9changer des bonnes pratiques et des id\u00e9es dans plusieurs grandes villes de France. \u00c0 l\u2019origine, ces \u201cusers groups\u201d nous rassemblaient tous, sans distinction de m\u00e9tiers et ils \u00e9taient peu nombreux. Petit \u00e0 petit, des groupes se sont form\u00e9s dans chaque grande ville, et les groupes se sont sp\u00e9cialis\u00e9s entre les administrateurs, les d\u00e9veloppeurs, puis les architectes un peu plus tard, lorsque ce m\u00e9tier a \u00e9merg\u00e9. De cette fa\u00e7on, les \u00e9changes se concentrent sur les besoins de chacun.<\/p>\n\n\n\n<h2 class=\"wp-block-heading\" id=\"h-vous-etes-aussi-a-l-origine-de-l-evenement-french-touch-dreamin-de-quoi-s-agit-il\"><strong>Vous \u00eates aussi \u00e0 l\u2019origine de l\u2019\u00e9v\u00e9nement French Touch Dreamin\u2019 : de quoi s\u2019agit-il ?<\/strong><\/h2>\n\n\n\n<p>Les Dreamin\u2019 sont des \u00e9v\u00e9nements organis\u00e9s par la communaut\u00e9 Salesforce, pour la communaut\u00e9, ax\u00e9s sur le partage d\u2019exp\u00e9riences. Le tout premier Dreamin\u2019 a vu le jour \u00e0 Chicago gr\u00e2ce \u00e0 <a href=\"https:\/\/www.linkedin.com\/in\/ericdreshfield\">Eric Dreshfield<\/a>, un leader de <em>users group<\/em> locaux qui, frustr\u00e9 de ne pas pouvoir assister \u00e0 Dreamforce, a d\u00e9cid\u00e9 d\u2019inviter quelques intervenants \u00e0 Chicago. L&rsquo;\u00e9v\u00e9nement a rapidement pris de l&rsquo;ampleur, devenant le Midwest Dreamin\u2019, qui r\u00e9unit aujourd\u2019hui plus de 1\u00a0000 participants. Pour l\u2019anecdote, le nom \u201cDreamin\u2019\u201d fait r\u00e9f\u00e9rence \u00e0 \u201cCalifornia Dreamin&rsquo;\u201d : l\u2019id\u00e9e est de recr\u00e9er, \u00e0 l\u2019\u00e9chelle locale, l\u2019esprit du Dreamforce californien.<\/p>\n\n\n\n<p>Le concept a ensuite essaim\u00e9 aux \u00c9tats-Unis puis en Europe, notamment \u00e0 Londres. Pouss\u00e9s par cette dynamique, nous avons accept\u00e9, avec d\u2019autres leaders de groupes fran\u00e7ais, de lancer le French Touch Dreamin\u2019 \u00e0 Paris. L\u2019\u00e9v\u00e9nement a grandi d\u2019ann\u00e9e en ann\u00e9e, et la prochaine \u00e9dition se tiendra le 3 d\u00e9cembre 2024.<\/p>\n\n\n\n<h2 class=\"wp-block-heading\" id=\"h-racontez-nous-pourquoi-avoir-cree-ce-dreamin-parisien\"><strong>Racontez-nous : pourquoi avoir cr\u00e9\u00e9 ce Dreamin\u2019 parisien ?<\/strong><\/h2>\n\n\n\n<p>L\u2019id\u00e9e principale reste d\u2019amener localement toute la richesse d\u2019un \u00e9v\u00e9nement comme Dreamforce \u00e0 ceux qui n\u2019ont pas la possibilit\u00e9 de s\u2019y rendre. L\u2019objectif est de partager autour des probl\u00e9matiques rencontr\u00e9es face \u00e0 de nouvelles technologies, de nouveaux clouds, de nouvelles fa\u00e7on de travailler avec Salesforce. La journ\u00e9e rassemble aujourd\u2019hui environ 500 participants (\u00e0 part \u00e9gale entre des d\u00e9veloppeurs, des d\u00e9cideurs et des consultants) et se partage entre keynotes et sessions de networking.&nbsp;<\/p>\n\n\n\n<p>On l\u2019a appel\u00e9 \u201cFrench touch dreamin\u2019\u201d pour la \u201ctouche fran\u00e7aise\u201d. Notre approche int\u00e9resse les visiteurs \u00e9trangers (30 \u00e0 40 % des participants) car les Dreamin\u2019 de Paris font la part belle aux interventions de d\u00e9cideurs, l\u00e0 o\u00f9 d\u2019autres Dreamin\u2019 \u00e0 l\u2019\u00e9tranger sont plus ax\u00e9s sur le d\u00e9veloppement. Ces diff\u00e9rents points de vue font la richesse des \u00e9v\u00e9nements Salesforce.<\/p>\n\n\n\n<h2 class=\"wp-block-heading\" id=\"h-que-retenez-vous-de-la-premiere-edition-et-des-suivantes-nbsp\"><strong>Que retenez-vous de la premi\u00e8re \u00e9dition ? Et des suivantes ?&nbsp;<\/strong><\/h2>\n\n\n\n<p>L\u2019aventure s\u2019est av\u00e9r\u00e9e incroyable et le pari fou, nous avons fait face \u00e0 plusieurs incertitudes jusqu\u2019au dernier moment, mais nous \u00e9tions port\u00e9s par une communaut\u00e9 tr\u00e8s engag\u00e9e. J\u2019en retiens surtout cet \u00e9tat d\u2019esprit de partage d\u2019exp\u00e9rience et d\u2019entraide : aujourd\u2019hui, nous ouvrons \u00e0 notre tour des portes en aidant \u00e0 cr\u00e9er d\u2019autres dreamin\u2019 en Belgique ou aux Pays-Bas. Et puis chaque \u00e9dition est l\u2019occasion de lever des fonds pour des associations qui nous tiennent \u00e0 c\u0153ur.<\/p>\n\n\n\n<h2 class=\"wp-block-heading\" id=\"h-quelle-solution-ou-technologie-a-change-votre-vie-professionnelle\"><strong>Quelle solution ou technologie a chang\u00e9 votre vie professionnelle ?<\/strong><\/h2>\n\n\n\n<p>Le cloud. Il a consid\u00e9rablement fluidifi\u00e9 la cr\u00e9ation de solutions techniques et technologiques en les recentrant sur les besoins m\u00e9tiers. Nous n\u2019aurions jamais pu cr\u00e9er SharingPix, qui fonctionne avec des \u00e9quipes et des clients \u00e0 l\u2019international, en <em>full-remote<\/em>, sans le cloud.<\/p>\n\n\n\n<h2 class=\"wp-block-heading\" id=\"h-quel-est-selon-vous-le-meilleur-moyen-de-se-former-a-salesforce\"><strong>Quel est, selon vous, le meilleur moyen de se former \u00e0 Salesforce ?<\/strong><\/h2>\n\n\n\n<p>Je recommande la plateforme de formation de Salesforce Trailhead pour une premi\u00e8re approche, puis d\u2019\u00e9couter les retours d\u2019exp\u00e9riences lors des \u00e9v\u00e9nements organis\u00e9s par la communaut\u00e9, et d\u2019en profiter pour \u00e9changer avec les speakers, poser des questions\u2026 Enfin, rien ne vaut l\u2019exp\u00e9rimentation sur des projets concrets !<\/p>\n\n\n\n<h2 class=\"wp-block-heading\" id=\"h-quels-sont-les-medias-blogs-ou-newsletters-auxquels-vous-etes-abonne\"><strong>Quels sont les m\u00e9dias, blogs ou newsletters auxquels vous \u00eates abonn\u00e9 ?<\/strong><\/h2>\n\n\n\n<p>Salesforce Ben, et la cha\u00eene YouTube Automation Champion.<\/p>\n\n\n\n<h2 class=\"wp-block-heading\" id=\"h-une-application-preferee\"><strong>Une application pr\u00e9f\u00e9r\u00e9e ?<\/strong><\/h2>\n\n\n\n<p>J\u2019aime beaucoup Flipboard, une app de curation d\u2019articles de presse. Je l\u2019utilise tant d\u2019un point de vue personnel que professionnel, l\u2019application me permet de suivre des flux d\u2019articles sur les sujets qui m&rsquo;int\u00e9ressent, un peu comme un TikTok de l\u2019\u00e9crit.<\/p>\n\n\n\n<h2 class=\"wp-block-heading\" id=\"h-y-a-t-il-une-personnalite-a-suivre-imperativement-sur-les-reseaux-sociaux\"><strong>Y a-t-il une personnalit\u00e9 \u00e0 suivre imp\u00e9rativement sur les r\u00e9seaux sociaux ?<\/strong><\/h2>\n\n\n\n<p>Sans h\u00e9sitation, je recommande de suivre Eric Dreshfield, le fondateur des Dreamin\u2019, c\u2019est une personne extraordinaire, tr\u00e8s pr\u00e9sente dans la communaut\u00e9.<\/p>\n\n\n\n<h2 class=\"wp-block-heading\" id=\"h-que-faites-vous-lorsque-vous-n-etes-pas-connecte\"><strong>Que faites-vous lorsque vous n&rsquo;\u00eates pas connect\u00e9 ?<\/strong><\/h2>\n\n\n\n<p>J\u2019embarque mes jumelles et je pars en for\u00eat, en montagne pour de longues balades. Le t\u00e9l\u00e9phone reste au fond du sac pour profiter pleinement de l\u2019instant.<\/p>\n\n\n\n<h2 class=\"wp-block-heading\" id=\"h-y-a-t-il-une-chose-que-vos-collegues-ignorent-de-vous\"><strong>Y a-t-il une chose que vos coll\u00e8gues ignorent de vous ?<\/strong><\/h2>\n\n\n\n<p>Je fais du close-up, principalement des tours de cartes, et de l\u2019impro aussi : j\u2019aime cette petite touche de magie qui apporte le sourire. Il ne faut pas me laisser une sc\u00e8ne !<\/p>\n","protected":false},"excerpt":{"rendered":"<p>Jean-Michel Mougeolle, fondateur de SharinPix, aime \u00e0 se d\u00e9finir comme un assembleur malin de technologies. D\u00e9veloppeur \u00e0 ses d\u00e9buts, puis directeur des syst\u00e8mes d\u2019information, il d\u00e9couvre Salesforce en 2009 et devient vite un&hellip;<\/p>\n","protected":false},"author":206,"featured_media":3616,"comment_status":"open","ping_status":"open","sticky":false,"template":"","format":"standard","meta":{"sf_justforyou_enable_alt":true,"optimizely_content_id":"","post_meta_title":"","ai_synopsis":"","_jetpack_memberships_contains_paid_content":false,"footnotes":""},"sf_topic":[145],"sf_content_type":[],"blog":[322],"coauthors":[27],"class_list":["post-3615","post","type-post","status-publish","format-standard","has-post-thumbnail","hentry","sf_topic-trailblazer-community","blog-trailblazer-community"],"yoast_head":"<!-- This site is optimized with the Yoast SEO Premium plugin v27.2 (Yoast SEO v27.2) - https:\/\/yoast.com\/product\/yoast-seo-premium-wordpress\/ -->\n<title>Jean-Michel Mougeolle, l\u2019homme \u00e0 l\u2019origine du French Touch Dreamin\u2019 \u2022 Salesforce<\/title>\n<meta name=\"description\" content=\"D\u00e9veloppeur \u00e0 ses d\u00e9buts, Jean-Michel Mougeolle d\u00e9couvre Salesforce en 2009 et devient vite un visage incontournable de sa communaut\u00e9 en France.\" \/>\n<meta name=\"robots\" content=\"index, follow, max-snippet:-1, max-image-preview:large, max-video-preview:-1\" \/>\n<link rel=\"canonical\" href=\"https:\/\/www.salesforce.com\/fr\/blog\/jean-michel-mougeolle-lhomme-a-lorigine-du-french-touch-dreamin\/\" \/>\n<meta property=\"og:locale\" content=\"fr_FR\" \/>\n<meta property=\"og:type\" content=\"article\" \/>\n<meta property=\"og:title\" content=\"Jean-Michel Mougeolle, l\u2019homme \u00e0 l\u2019origine du French Touch Dreamin\u2019\" \/>\n<meta property=\"og:description\" content=\"Jean-Michel Mougeolle, fondateur de SharinPix, aime \u00e0 se d\u00e9finir comme un assembleur malin de technologies. D\u00e9veloppeur \u00e0 ses d\u00e9buts, puis directeur des\" \/>\n<meta property=\"og:url\" content=\"https:\/\/www.salesforce.com\/fr\/blog\/jean-michel-mougeolle-lhomme-a-lorigine-du-french-touch-dreamin\/\" \/>\n<meta property=\"og:site_name\" content=\"Salesforce\" \/>\n<meta property=\"article:published_time\" content=\"2024-11-27T08:00:00+00:00\" \/>\n<meta property=\"article:modified_time\" content=\"2024-11-28T09:24:20+00:00\" \/>\n<meta property=\"og:image\" content=\"https:\/\/www.salesforce.com\/fr\/blog\/wp-content\/uploads\/sites\/15\/2024\/11\/jm-mougeolle-trailblazer.png\" \/>\n\t<meta property=\"og:image:width\" content=\"1500\" \/>\n\t<meta property=\"og:image:height\" content=\"844\" \/>\n\t<meta property=\"og:image:type\" content=\"image\/png\" \/>\n<meta name=\"author\" content=\"Salesforce\" \/>\n<meta name=\"twitter:card\" content=\"summary_large_image\" \/>\n<meta name=\"twitter:label1\" content=\"\u00c9crit par\" \/>\n\t<meta name=\"twitter:data1\" content=\"\" \/>\n\t<meta name=\"twitter:label2\" content=\"Dur\u00e9e de lecture estim\u00e9e\" \/>\n\t<meta name=\"twitter:data2\" content=\"7 minutes\" \/>\n\t<meta name=\"twitter:label3\" content=\"Written by\" \/>\n\t<meta name=\"twitter:data3\" content=\"Salesforce\" \/>\n<script type=\"application\/ld+json\" class=\"yoast-schema-graph\">{\"@context\":\"https:\/\/schema.org\",\"@graph\":[{\"@type\":\"Article\",\"@id\":\"https:\/\/www.salesforce.com\/fr\/blog\/jean-michel-mougeolle-lhomme-a-lorigine-du-french-touch-dreamin\/#article\",\"isPartOf\":{\"@id\":\"https:\/\/www.salesforce.com\/fr\/blog\/jean-michel-mougeolle-lhomme-a-lorigine-du-french-touch-dreamin\/\"},\"author\":[{\"@id\":\"https:\/\/www.salesforce.com\/fr\/blog\/#\/schema\/person\/image\/c4dae87da9a6134c35582db989c80f90\"}],\"headline\":\"Jean-Michel Mougeolle, l\u2019homme \u00e0 l\u2019origine du French Touch Dreamin\u2019\",\"datePublished\":\"2024-11-27T08:00:00+00:00\",\"dateModified\":\"2024-11-28T09:24:20+00:00\",\"mainEntityOfPage\":{\"@id\":\"https:\/\/www.salesforce.com\/fr\/blog\/jean-michel-mougeolle-lhomme-a-lorigine-du-french-touch-dreamin\/\"},\"wordCount\":1331,\"commentCount\":0,\"publisher\":{\"@id\":\"https:\/\/www.salesforce.com\/fr\/blog\/#organization\"},\"image\":{\"@id\":\"https:\/\/www.salesforce.com\/fr\/blog\/jean-michel-mougeolle-lhomme-a-lorigine-du-french-touch-dreamin\/#primaryimage\"},\"thumbnailUrl\":\"https:\/\/www.salesforce.com\/fr\/blog\/wp-content\/uploads\/sites\/15\/2024\/11\/jm-mougeolle-trailblazer.png\",\"inLanguage\":\"fr-FR\",\"potentialAction\":[{\"@type\":\"CommentAction\",\"name\":\"Comment\",\"target\":[\"https:\/\/www.salesforce.com\/fr\/blog\/jean-michel-mougeolle-lhomme-a-lorigine-du-french-touch-dreamin\/#respond\"]}]},{\"@type\":\"WebPage\",\"@id\":\"https:\/\/www.salesforce.com\/fr\/blog\/jean-michel-mougeolle-lhomme-a-lorigine-du-french-touch-dreamin\/\",\"url\":\"https:\/\/www.salesforce.com\/fr\/blog\/jean-michel-mougeolle-lhomme-a-lorigine-du-french-touch-dreamin\/\",\"name\":\"Jean-Michel Mougeolle, l\u2019homme \u00e0 l\u2019origine du French Touch Dreamin\u2019 \u2022 Salesforce\",\"isPartOf\":{\"@id\":\"https:\/\/www.salesforce.com\/fr\/blog\/#website\"},\"primaryImageOfPage\":{\"@id\":\"https:\/\/www.salesforce.com\/fr\/blog\/jean-michel-mougeolle-lhomme-a-lorigine-du-french-touch-dreamin\/#primaryimage\"},\"image\":{\"@id\":\"https:\/\/www.salesforce.com\/fr\/blog\/jean-michel-mougeolle-lhomme-a-lorigine-du-french-touch-dreamin\/#primaryimage\"},\"thumbnailUrl\":\"https:\/\/www.salesforce.com\/fr\/blog\/wp-content\/uploads\/sites\/15\/2024\/11\/jm-mougeolle-trailblazer.png\",\"datePublished\":\"2024-11-27T08:00:00+00:00\",\"dateModified\":\"2024-11-28T09:24:20+00:00\",\"description\":\"D\u00e9veloppeur \u00e0 ses d\u00e9buts, Jean-Michel Mougeolle d\u00e9couvre Salesforce en 2009 et devient vite un visage incontournable de sa communaut\u00e9 en France.\",\"breadcrumb\":{\"@id\":\"https:\/\/www.salesforce.com\/fr\/blog\/jean-michel-mougeolle-lhomme-a-lorigine-du-french-touch-dreamin\/#breadcrumb\"},\"inLanguage\":\"fr-FR\",\"potentialAction\":[{\"@type\":\"ReadAction\",\"target\":[\"https:\/\/www.salesforce.com\/fr\/blog\/jean-michel-mougeolle-lhomme-a-lorigine-du-french-touch-dreamin\/\"]}]},{\"@type\":\"ImageObject\",\"inLanguage\":\"fr-FR\",\"@id\":\"https:\/\/www.salesforce.com\/fr\/blog\/jean-michel-mougeolle-lhomme-a-lorigine-du-french-touch-dreamin\/#primaryimage\",\"url\":\"https:\/\/www.salesforce.com\/fr\/blog\/wp-content\/uploads\/sites\/15\/2024\/11\/jm-mougeolle-trailblazer.png\",\"contentUrl\":\"https:\/\/www.salesforce.com\/fr\/blog\/wp-content\/uploads\/sites\/15\/2024\/11\/jm-mougeolle-trailblazer.png\",\"width\":1500,\"height\":844,\"caption\":\"Portrait de Jean-Michel Mougeolle\"},{\"@type\":\"BreadcrumbList\",\"@id\":\"https:\/\/www.salesforce.com\/fr\/blog\/jean-michel-mougeolle-lhomme-a-lorigine-du-french-touch-dreamin\/#breadcrumb\",\"itemListElement\":[{\"@type\":\"ListItem\",\"position\":1,\"name\":\"Home\",\"item\":\"https:\/\/www.salesforce.com\/fr\/blog\/\"},{\"@type\":\"ListItem\",\"position\":2,\"name\":\"Jean-Michel Mougeolle, l\u2019homme \u00e0 l\u2019origine du French Touch Dreamin\u2019\"}]},{\"@type\":\"WebSite\",\"@id\":\"https:\/\/www.salesforce.com\/fr\/blog\/#website\",\"url\":\"https:\/\/www.salesforce.com\/fr\/blog\/\",\"name\":\"Salesforce\",\"description\":\"Le Blog du CRM, de l&#039;experience et du Cloud Computing\",\"publisher\":{\"@id\":\"https:\/\/www.salesforce.com\/fr\/blog\/#organization\"},\"potentialAction\":[{\"@type\":\"SearchAction\",\"target\":{\"@type\":\"EntryPoint\",\"urlTemplate\":\"https:\/\/www.salesforce.com\/fr\/blog\/?s={search_term_string}\"},\"query-input\":{\"@type\":\"PropertyValueSpecification\",\"valueRequired\":true,\"valueName\":\"search_term_string\"}}],\"inLanguage\":\"fr-FR\"},{\"@type\":\"Organization\",\"@id\":\"https:\/\/www.salesforce.com\/fr\/blog\/#organization\",\"name\":\"Salesforce\",\"url\":\"https:\/\/www.salesforce.com\/fr\/blog\/\",\"logo\":{\"@type\":\"ImageObject\",\"inLanguage\":\"fr-FR\",\"@id\":\"https:\/\/www.salesforce.com\/fr\/blog\/#\/schema\/logo\/image\/\",\"url\":\"https:\/\/www.salesforce.com\/fr\/blog\/wp-content\/uploads\/sites\/15\/2023\/10\/Salesforce.webp\",\"contentUrl\":\"https:\/\/www.salesforce.com\/fr\/blog\/wp-content\/uploads\/sites\/15\/2023\/10\/Salesforce.webp\",\"width\":1200,\"height\":630,\"caption\":\"Salesforce\"},\"image\":{\"@id\":\"https:\/\/www.salesforce.com\/fr\/blog\/#\/schema\/logo\/image\/\"}},{\"@type\":\"Person\",\"@id\":\"https:\/\/www.salesforce.com\/fr\/blog\/#\/schema\/person\/image\/c4dae87da9a6134c35582db989c80f90\",\"name\":\"Salesforce\",\"image\":{\"@type\":\"ImageObject\",\"inLanguage\":\"fr-FR\",\"@id\":\"https:\/\/secure.gravatar.com\/avatar\/7b22a1347a70a190b5cdd1eadab50e55b6123719ad0c5571e2ab30226dcbe85d?s=96&d=mm&r=g60edf16c093aaa190ff084acb1722622\",\"url\":\"https:\/\/secure.gravatar.com\/avatar\/7b22a1347a70a190b5cdd1eadab50e55b6123719ad0c5571e2ab30226dcbe85d?s=96&d=mm&r=g\",\"contentUrl\":\"https:\/\/secure.gravatar.com\/avatar\/7b22a1347a70a190b5cdd1eadab50e55b6123719ad0c5571e2ab30226dcbe85d?s=96&d=mm&r=g\",\"caption\":\"Salesforce\"},\"url\":\"https:\/\/www.salesforce.com\/fr\/blog\/author\/salesforce\/\"}]}<\/script>\n<!-- \/ Yoast SEO Premium plugin. -->","yoast_head_json":{"title":"Jean-Michel Mougeolle, l\u2019homme \u00e0 l\u2019origine du French Touch Dreamin\u2019 \u2022 Salesforce","description":"D\u00e9veloppeur \u00e0 ses d\u00e9buts, Jean-Michel Mougeolle d\u00e9couvre Salesforce en 2009 et devient vite un visage incontournable de sa communaut\u00e9 en France.","robots":{"index":"index","follow":"follow","max-snippet":"max-snippet:-1","max-image-preview":"max-image-preview:large","max-video-preview":"max-video-preview:-1"},"canonical":"https:\/\/www.salesforce.com\/fr\/blog\/jean-michel-mougeolle-lhomme-a-lorigine-du-french-touch-dreamin\/","og_locale":"fr_FR","og_type":"article","og_title":"Jean-Michel Mougeolle, l\u2019homme \u00e0 l\u2019origine du French Touch Dreamin\u2019","og_description":"Jean-Michel Mougeolle, fondateur de SharinPix, aime \u00e0 se d\u00e9finir comme un assembleur malin de technologies. D\u00e9veloppeur \u00e0 ses d\u00e9buts, puis directeur des","og_url":"https:\/\/www.salesforce.com\/fr\/blog\/jean-michel-mougeolle-lhomme-a-lorigine-du-french-touch-dreamin\/","og_site_name":"Salesforce","article_published_time":"2024-11-27T08:00:00+00:00","article_modified_time":"2024-11-28T09:24:20+00:00","og_image":[{"width":1500,"height":844,"url":"https:\/\/www.salesforce.com\/fr\/blog\/wp-content\/uploads\/sites\/15\/2024\/11\/jm-mougeolle-trailblazer.png","type":"image\/png"}],"author":"Salesforce","twitter_card":"summary_large_image","twitter_misc":{"\u00c9crit par":"","Dur\u00e9e de lecture estim\u00e9e":"7 minutes","Written by":"Salesforce"},"schema":{"@context":"https:\/\/schema.org","@graph":[{"@type":"Article","@id":"https:\/\/www.salesforce.com\/fr\/blog\/jean-michel-mougeolle-lhomme-a-lorigine-du-french-touch-dreamin\/#article","isPartOf":{"@id":"https:\/\/www.salesforce.com\/fr\/blog\/jean-michel-mougeolle-lhomme-a-lorigine-du-french-touch-dreamin\/"},"author":[{"@id":"https:\/\/www.salesforce.com\/fr\/blog\/#\/schema\/person\/image\/c4dae87da9a6134c35582db989c80f90"}],"headline":"Jean-Michel Mougeolle, l\u2019homme \u00e0 l\u2019origine du French Touch Dreamin\u2019","datePublished":"2024-11-27T08:00:00+00:00","dateModified":"2024-11-28T09:24:20+00:00","mainEntityOfPage":{"@id":"https:\/\/www.salesforce.com\/fr\/blog\/jean-michel-mougeolle-lhomme-a-lorigine-du-french-touch-dreamin\/"},"wordCount":1331,"commentCount":0,"publisher":{"@id":"https:\/\/www.salesforce.com\/fr\/blog\/#organization"},"image":{"@id":"https:\/\/www.salesforce.com\/fr\/blog\/jean-michel-mougeolle-lhomme-a-lorigine-du-french-touch-dreamin\/#primaryimage"},"thumbnailUrl":"https:\/\/www.salesforce.com\/fr\/blog\/wp-content\/uploads\/sites\/15\/2024\/11\/jm-mougeolle-trailblazer.png","inLanguage":"fr-FR","potentialAction":[{"@type":"CommentAction","name":"Comment","target":["https:\/\/www.salesforce.com\/fr\/blog\/jean-michel-mougeolle-lhomme-a-lorigine-du-french-touch-dreamin\/#respond"]}]},{"@type":"WebPage","@id":"https:\/\/www.salesforce.com\/fr\/blog\/jean-michel-mougeolle-lhomme-a-lorigine-du-french-touch-dreamin\/","url":"https:\/\/www.salesforce.com\/fr\/blog\/jean-michel-mougeolle-lhomme-a-lorigine-du-french-touch-dreamin\/","name":"Jean-Michel Mougeolle, l\u2019homme \u00e0 l\u2019origine du French Touch Dreamin\u2019 \u2022 Salesforce","isPartOf":{"@id":"https:\/\/www.salesforce.com\/fr\/blog\/#website"},"primaryImageOfPage":{"@id":"https:\/\/www.salesforce.com\/fr\/blog\/jean-michel-mougeolle-lhomme-a-lorigine-du-french-touch-dreamin\/#primaryimage"},"image":{"@id":"https:\/\/www.salesforce.com\/fr\/blog\/jean-michel-mougeolle-lhomme-a-lorigine-du-french-touch-dreamin\/#primaryimage"},"thumbnailUrl":"https:\/\/www.salesforce.com\/fr\/blog\/wp-content\/uploads\/sites\/15\/2024\/11\/jm-mougeolle-trailblazer.png","datePublished":"2024-11-27T08:00:00+00:00","dateModified":"2024-11-28T09:24:20+00:00","description":"D\u00e9veloppeur \u00e0 ses d\u00e9buts, Jean-Michel Mougeolle d\u00e9couvre Salesforce en 2009 et devient vite un visage incontournable de sa communaut\u00e9 en France.","breadcrumb":{"@id":"https:\/\/www.salesforce.com\/fr\/blog\/jean-michel-mougeolle-lhomme-a-lorigine-du-french-touch-dreamin\/#breadcrumb"},"inLanguage":"fr-FR","potentialAction":[{"@type":"ReadAction","target":["https:\/\/www.salesforce.com\/fr\/blog\/jean-michel-mougeolle-lhomme-a-lorigine-du-french-touch-dreamin\/"]}]},{"@type":"ImageObject","inLanguage":"fr-FR","@id":"https:\/\/www.salesforce.com\/fr\/blog\/jean-michel-mougeolle-lhomme-a-lorigine-du-french-touch-dreamin\/#primaryimage","url":"https:\/\/www.salesforce.com\/fr\/blog\/wp-content\/uploads\/sites\/15\/2024\/11\/jm-mougeolle-trailblazer.png","contentUrl":"https:\/\/www.salesforce.com\/fr\/blog\/wp-content\/uploads\/sites\/15\/2024\/11\/jm-mougeolle-trailblazer.png","width":1500,"height":844,"caption":"Portrait de Jean-Michel Mougeolle"},{"@type":"BreadcrumbList","@id":"https:\/\/www.salesforce.com\/fr\/blog\/jean-michel-mougeolle-lhomme-a-lorigine-du-french-touch-dreamin\/#breadcrumb","itemListElement":[{"@type":"ListItem","position":1,"name":"Home","item":"https:\/\/www.salesforce.com\/fr\/blog\/"},{"@type":"ListItem","position":2,"name":"Jean-Michel Mougeolle, l\u2019homme \u00e0 l\u2019origine du French Touch Dreamin\u2019"}]},{"@type":"WebSite","@id":"https:\/\/www.salesforce.com\/fr\/blog\/#website","url":"https:\/\/www.salesforce.com\/fr\/blog\/","name":"Salesforce","description":"Le Blog du CRM, de l&#039;experience et du Cloud Computing","publisher":{"@id":"https:\/\/www.salesforce.com\/fr\/blog\/#organization"},"potentialAction":[{"@type":"SearchAction","target":{"@type":"EntryPoint","urlTemplate":"https:\/\/www.salesforce.com\/fr\/blog\/?s={search_term_string}"},"query-input":{"@type":"PropertyValueSpecification","valueRequired":true,"valueName":"search_term_string"}}],"inLanguage":"fr-FR"},{"@type":"Organization","@id":"https:\/\/www.salesforce.com\/fr\/blog\/#organization","name":"Salesforce","url":"https:\/\/www.salesforce.com\/fr\/blog\/","logo":{"@type":"ImageObject","inLanguage":"fr-FR","@id":"https:\/\/www.salesforce.com\/fr\/blog\/#\/schema\/logo\/image\/","url":"https:\/\/www.salesforce.com\/fr\/blog\/wp-content\/uploads\/sites\/15\/2023\/10\/Salesforce.webp","contentUrl":"https:\/\/www.salesforce.com\/fr\/blog\/wp-content\/uploads\/sites\/15\/2023\/10\/Salesforce.webp","width":1200,"height":630,"caption":"Salesforce"},"image":{"@id":"https:\/\/www.salesforce.com\/fr\/blog\/#\/schema\/logo\/image\/"}},{"@type":"Person","@id":"https:\/\/www.salesforce.com\/fr\/blog\/#\/schema\/person\/image\/c4dae87da9a6134c35582db989c80f90","name":"Salesforce","image":{"@type":"ImageObject","inLanguage":"fr-FR","@id":"https:\/\/secure.gravatar.com\/avatar\/7b22a1347a70a190b5cdd1eadab50e55b6123719ad0c5571e2ab30226dcbe85d?s=96&d=mm&r=g60edf16c093aaa190ff084acb1722622","url":"https:\/\/secure.gravatar.com\/avatar\/7b22a1347a70a190b5cdd1eadab50e55b6123719ad0c5571e2ab30226dcbe85d?s=96&d=mm&r=g","contentUrl":"https:\/\/secure.gravatar.com\/avatar\/7b22a1347a70a190b5cdd1eadab50e55b6123719ad0c5571e2ab30226dcbe85d?s=96&d=mm&r=g","caption":"Salesforce"},"url":"https:\/\/www.salesforce.com\/fr\/blog\/author\/salesforce\/"}]}},"jetpack_featured_media_url":"https:\/\/www.salesforce.com\/fr\/blog\/wp-content\/uploads\/sites\/15\/2024\/11\/jm-mougeolle-trailblazer.png","jetpack_sharing_enabled":true,"distributor_meta":false,"distributor_terms":false,"distributor_media":false,"distributor_original_site_name":"Salesforce","distributor_original_site_url":"https:\/\/www.salesforce.com\/fr\/blog","push-errors":false,"_links":{"self":[{"href":"https:\/\/www.salesforce.com\/fr\/blog\/wp-json\/wp\/v2\/posts\/3615","targetHints":{"allow":["GET"]}}],"collection":[{"href":"https:\/\/www.salesforce.com\/fr\/blog\/wp-json\/wp\/v2\/posts"}],"about":[{"href":"https:\/\/www.salesforce.com\/fr\/blog\/wp-json\/wp\/v2\/types\/post"}],"author":[{"embeddable":true,"href":"https:\/\/www.salesforce.com\/fr\/blog\/wp-json\/wp\/v2\/users\/206"}],"replies":[{"embeddable":true,"href":"https:\/\/www.salesforce.com\/fr\/blog\/wp-json\/wp\/v2\/comments?post=3615"}],"version-history":[{"count":2,"href":"https:\/\/www.salesforce.com\/fr\/blog\/wp-json\/wp\/v2\/posts\/3615\/revisions"}],"predecessor-version":[{"id":3627,"href":"https:\/\/www.salesforce.com\/fr\/blog\/wp-json\/wp\/v2\/posts\/3615\/revisions\/3627"}],"wp:featuredmedia":[{"embeddable":true,"href":"https:\/\/www.salesforce.com\/fr\/blog\/wp-json\/wp\/v2\/media\/3616"}],"wp:attachment":[{"href":"https:\/\/www.salesforce.com\/fr\/blog\/wp-json\/wp\/v2\/media?parent=3615"}],"wp:term":[{"taxonomy":"sf_topic","embeddable":true,"href":"https:\/\/www.salesforce.com\/fr\/blog\/wp-json\/wp\/v2\/sf_topic?post=3615"},{"taxonomy":"sf_content_type","embeddable":true,"href":"https:\/\/www.salesforce.com\/fr\/blog\/wp-json\/wp\/v2\/sf_content_type?post=3615"},{"taxonomy":"blog","embeddable":true,"href":"https:\/\/www.salesforce.com\/fr\/blog\/wp-json\/wp\/v2\/blog?post=3615"},{"taxonomy":"author","embeddable":true,"href":"https:\/\/www.salesforce.com\/fr\/blog\/wp-json\/wp\/v2\/coauthors?post=3615"}],"curies":[{"name":"wp","href":"https:\/\/api.w.org\/{rel}","templated":true}]}}