{"id":512,"date":"2026-08-10T08:10:07","date_gmt":"2026-08-10T14:10:07","guid":{"rendered":"https:\/\/www.salesforce.com\/?post_type=sf_press_release&#038;p=512"},"modified":"2026-08-11T08:16:58","modified_gmt":"2026-08-11T14:16:58","slug":"salesforce-cordoba-alianza-inteligencia-artificial","status":"publish","type":"sf_press_release","link":"https:\/\/www.salesforce.com\/mx\/news\/press-releases\/2026\/08\/10\/salesforce-cordoba-alianza-inteligencia-artificial\/","title":{"rendered":"Salesforce y C\u00f3rdoba sellan alianza estrat\u00e9gica para impulsar inteligencia artificial en la provincia"},"content":{"rendered":"\n<p class=\"wp-block-paragraph\"><strong>C\u00f3rdoba, 10 de agosto de 2026<\/strong> &#8211; En un acto realizado hoy en el Centro C\u00edvico, Salesforce, empresa l\u00edder global en gesti\u00f3n de relaciones con clientes e inteligencia artificial, y el Gobierno de la Provincia de C\u00f3rdoba, celebraron la firma de un Memorando de Entendimiento (MoU), estableciendo un marco de colaboraci\u00f3n estrat\u00e9gica en IA, innovaci\u00f3n y desarrollo de talento, para acompa\u00f1ar y potenciar el desarrollo econ\u00f3mico, social y tecnol\u00f3gico de la provincia.<br><br>El acuerdo fue suscripto por Alejandro Anderlic, director de Asuntos Gubernamentales y Externos para Am\u00e9rica Latina de Salesforce, y el secretario de Innovaci\u00f3n e Infraestructura de la Gesti\u00f3n de C\u00f3rdoba, Rodrigo P\u00e9rez Limpias, en un encuentro del que tambi\u00e9n participaron: Marcos Torres Lima, ministro de Desarrollo Social y Promoci\u00f3n del Empleo; Laura Jure, secretaria General de H\u00e1bitat y Desarrollo Emprendedor; Walter Caudana, subsecretario de Innovaci\u00f3n e Infraestructura de la Gesti\u00f3n; Marcelo Guajardo, gerente de Asuntos Gubernamentales y Pol\u00edticas P\u00fablicas para el Cono Sur de Salesforce; y Sebasti\u00e1n Maffeo, vicepresidente Regional para Sector P\u00fablico de Salesforce.<\/p>\n\n\n\n<p class=\"wp-block-paragraph\">De esta forma, se avanza en una alianza estrat\u00e9gica para explorar oportunidades que contribuyan al desarrollo econ\u00f3mico, social y tecnol\u00f3gico de la provincia mediante el uso estrat\u00e9gico de la inteligencia artificial.<\/p>\n\n\n\n<p class=\"wp-block-paragraph\">El acuerdo de colaboraci\u00f3n se estructura sobre tres pilares. En primer lugar, el fortalecimiento de la gesti\u00f3n p\u00fablica y de la experiencia ciudadana mediante el uso de inteligencia artificial, acompa\u00f1ando la agenda de IA impulsada por la provincia. En segundo lugar, el desarrollo del ecosistema productivo, mediante iniciativas de innovaci\u00f3n, digitalizaci\u00f3n y adopci\u00f3n tecnol\u00f3gica dirigidas a empresas, emprendedores y organizaciones locales. Finalmente, el acuerdo contempla la formaci\u00f3n y capacitaci\u00f3n en inteligencia artificial a trav\u00e9s de Trailhead, la plataforma de aprendizaje en l\u00ednea de Salesforce, para preparar a los cordobeses ante el nuevo paradigma de la IA ag\u00e9ntica.<\/p>\n\n\n<div class=\"wp-block-image__wrapper\">\n<figure class=\"wp-block-image size-large prevent-download\"><a href=\"#\" class=\"wp-block-image__modal-toggle\" aria-expanded=\"false\" data-modal-id=\"514-modal\"><span class=\"screen-reader-text\">Abrir modal de imagen<\/span><img loading=\"lazy\" decoding=\"async\" height=\"683\" width=\"1024\" src=\"https:\/\/www.salesforce.com\/mx\/news\/wp-content\/uploads\/sites\/29\/2026\/08\/DSC_4540.jpg?w=1024\" alt=\"De izquierda a derecha: Walter Fabi\u00e1n Caudana, subsecretario de Innovaci\u00f3n de la Gesti\u00f3n del Gobierno de la Provincia de C\u00f3rdoba; Mart\u00edn Gigena, subsecretario de Coordinaci\u00f3n Educativa del Ministerio de Educaci\u00f3n de la Provincia de C\u00f3rdoba; Alejandro Anderlic, director de Asuntos Gubernamentales y Externos para Am\u00e9rica Latina de Salesforce; Rodrigo P\u00e9rez, secretario de Innovaci\u00f3n e Infraestructura de la Gesti\u00f3n del Gobierno de la Provincia de C\u00f3rdoba; Marcos Torres, ministro de Desarrollo Social y Promoci\u00f3n del Empleo de la Provincia de C\u00f3rdoba: Drew Dilts, Agregado Econ\u00f3mico para Temas Digitales, del Departamento de Estado (Embajada de los Estados Unidos en Argentina); Marcelo Guajardo, gerente de Asuntos Gubernamentales y Pol\u00edticas P\u00fablicas para el Cono Sur de Salesforce; Mart\u00edn Fernandez, L\u00edder de Sector P\u00fablico para Argentina de Salesforce; y Jesica Libsfrant, coordinadora equipo t\u00e9cnico de la Direcci\u00f3n de Capacitaci\u00f3n y Formaci\u00f3n Profesional - Ministerio de Desarrollo Social y Promoci\u00f3n del Empleo\" class=\"wp-image-514\" srcset=\"https:\/\/www.salesforce.com\/mx\/news\/wp-content\/uploads\/sites\/29\/2026\/08\/DSC_4540.jpg 5836w, https:\/\/www.salesforce.com\/mx\/news\/wp-content\/uploads\/sites\/29\/2026\/08\/DSC_4540.jpg?w=300&amp;h=200 300w, https:\/\/www.salesforce.com\/mx\/news\/wp-content\/uploads\/sites\/29\/2026\/08\/DSC_4540.jpg?w=768&amp;h=512 768w, https:\/\/www.salesforce.com\/mx\/news\/wp-content\/uploads\/sites\/29\/2026\/08\/DSC_4540.jpg?w=1024&amp;h=683 1024w, https:\/\/www.salesforce.com\/mx\/news\/wp-content\/uploads\/sites\/29\/2026\/08\/DSC_4540.jpg?w=1536&amp;h=1024 1536w, https:\/\/www.salesforce.com\/mx\/news\/wp-content\/uploads\/sites\/29\/2026\/08\/DSC_4540.jpg?w=2048&amp;h=1365 2048w, https:\/\/www.salesforce.com\/mx\/news\/wp-content\/uploads\/sites\/29\/2026\/08\/DSC_4540.jpg?w=264&amp;h=176 264w, https:\/\/www.salesforce.com\/mx\/news\/wp-content\/uploads\/sites\/29\/2026\/08\/DSC_4540.jpg?w=500&amp;h=333 500w, https:\/\/www.salesforce.com\/mx\/news\/wp-content\/uploads\/sites\/29\/2026\/08\/DSC_4540.jpg?w=150&amp;h=100 150w, https:\/\/www.salesforce.com\/mx\/news\/wp-content\/uploads\/sites\/29\/2026\/08\/DSC_4540.jpg?w=289&amp;h=193 289w, https:\/\/www.salesforce.com\/mx\/news\/wp-content\/uploads\/sites\/29\/2026\/08\/DSC_4540.jpg?w=1218&amp;h=812 1218w\" sizes=\"auto, (max-width: 1024px) 100vw, 1024px\" \/><\/a><figcaption class=\"wp-element-caption\">De izquierda a derecha: Walter Fabi\u00e1n Caudana, subsecretario de Innovaci\u00f3n de la Gesti\u00f3n del Gobierno de la Provincia de C\u00f3rdoba; Mart\u00edn Gigena, subsecretario de Coordinaci\u00f3n Educativa del Ministerio de Educaci\u00f3n de la Provincia de C\u00f3rdoba; Alejandro Anderlic, director de Asuntos Gubernamentales y Externos para Am\u00e9rica Latina de Salesforce; Rodrigo P\u00e9rez, secretario de Innovaci\u00f3n e Infraestructura de la Gesti\u00f3n del Gobierno de la Provincia de C\u00f3rdoba; Marcos Torres, ministro de Desarrollo Social y Promoci\u00f3n del Empleo de la Provincia de C\u00f3rdoba; Drew Dilts, Agregado Econ\u00f3mico para Temas Digitales, del Departamento de Estado (Embajada de los Estados Unidos en Argentina); Marcelo Guajardo, gerente de Asuntos Gubernamentales y Pol\u00edticas P\u00fablicas para el Cono Sur de Salesforce; Mart\u00edn Fernandez, L\u00edder de Sector P\u00fablico para Argentina de Salesforce; y Jesica Libsfrant, coordinadora equipo t\u00e9cnico de la Direcci\u00f3n de Capacitaci\u00f3n y Formaci\u00f3n Profesional del Ministerio de Desarrollo Social y Promoci\u00f3n del Empleo.<\/figcaption><\/figure>\n<div id=\"514-modal\" class=\"image-modal\" aria-hidden=\"true\" aria-labelledby=\"image-dialog-title\"><div class=\"image-modal__overlay\" tabindex=\"-1\" data-a11y-dialog-hide><\/div><div class=\"image-modal__content\" role=\"dialog\"><button class=\"image-modal__close-button\" type=\"button\" data-a11y-dialog-hide aria-label=\"Cerrar esta ventana de di\u00e1logo de imagen\"><svg viewBox=\"0 0 26 25\" height=\"16\" width=\"16\" fill=\"currentColor\" xmlns=\"http:\/\/www.w3.org\/2000\/svg\"><rect x=\".626\" y=\"22.753\" width=\"32\" height=\"3\" rx=\"1.5\" transform=\"rotate(-45 .626 22.753)\"\/><rect x=\"2.747\" y=\".125\" width=\"32\" height=\"3\" rx=\"1.5\" transform=\"rotate(45 2.747 .125)\"\/><\/svg><\/button><h1 id=\"image-dialog-title\" class=\"screen-reader-text\">Image Modal<\/h1>\n<figure class=\"wp-block-image size-large prevent-download\"><img loading=\"lazy\" decoding=\"async\" width=\"5836\" height=\"3891\" src=\"https:\/\/www.salesforce.com\/mx\/news\/wp-content\/uploads\/sites\/29\/2026\/08\/DSC_4540.jpg?w=1024\" alt=\"De izquierda a derecha: Walter Fabi\u00e1n Caudana, subsecretario de Innovaci\u00f3n de la Gesti\u00f3n del Gobierno de la Provincia de C\u00f3rdoba; Mart\u00edn Gigena, subsecretario de Coordinaci\u00f3n Educativa del Ministerio de Educaci\u00f3n de la Provincia de C\u00f3rdoba; Alejandro Anderlic, director de Asuntos Gubernamentales y Externos para Am\u00e9rica Latina de Salesforce; Rodrigo P\u00e9rez, secretario de Innovaci\u00f3n e Infraestructura de la Gesti\u00f3n del Gobierno de la Provincia de C\u00f3rdoba; Marcos Torres, ministro de Desarrollo Social y Promoci\u00f3n del Empleo de la Provincia de C\u00f3rdoba: Drew Dilts, Agregado Econ\u00f3mico para Temas Digitales, del Departamento de Estado (Embajada de los Estados Unidos en Argentina); Marcelo Guajardo, gerente de Asuntos Gubernamentales y Pol\u00edticas P\u00fablicas para el Cono Sur de Salesforce; Mart\u00edn Fernandez, L\u00edder de Sector P\u00fablico para Argentina de Salesforce; y Jesica Libsfrant, coordinadora equipo t\u00e9cnico de la Direcci\u00f3n de Capacitaci\u00f3n y Formaci\u00f3n Profesional - Ministerio de Desarrollo Social y Promoci\u00f3n del Empleo\" class=\"wp-image-514\" srcset=\"https:\/\/www.salesforce.com\/mx\/news\/wp-content\/uploads\/sites\/29\/2026\/08\/DSC_4540.jpg 5836w, https:\/\/www.salesforce.com\/mx\/news\/wp-content\/uploads\/sites\/29\/2026\/08\/DSC_4540.jpg?w=300&amp;h=200 300w, https:\/\/www.salesforce.com\/mx\/news\/wp-content\/uploads\/sites\/29\/2026\/08\/DSC_4540.jpg?w=768&amp;h=512 768w, https:\/\/www.salesforce.com\/mx\/news\/wp-content\/uploads\/sites\/29\/2026\/08\/DSC_4540.jpg?w=1024&amp;h=683 1024w, https:\/\/www.salesforce.com\/mx\/news\/wp-content\/uploads\/sites\/29\/2026\/08\/DSC_4540.jpg?w=1536&amp;h=1024 1536w, https:\/\/www.salesforce.com\/mx\/news\/wp-content\/uploads\/sites\/29\/2026\/08\/DSC_4540.jpg?w=2048&amp;h=1365 2048w, https:\/\/www.salesforce.com\/mx\/news\/wp-content\/uploads\/sites\/29\/2026\/08\/DSC_4540.jpg?w=264&amp;h=176 264w, https:\/\/www.salesforce.com\/mx\/news\/wp-content\/uploads\/sites\/29\/2026\/08\/DSC_4540.jpg?w=500&amp;h=333 500w, https:\/\/www.salesforce.com\/mx\/news\/wp-content\/uploads\/sites\/29\/2026\/08\/DSC_4540.jpg?w=150&amp;h=100 150w, https:\/\/www.salesforce.com\/mx\/news\/wp-content\/uploads\/sites\/29\/2026\/08\/DSC_4540.jpg?w=289&amp;h=193 289w, https:\/\/www.salesforce.com\/mx\/news\/wp-content\/uploads\/sites\/29\/2026\/08\/DSC_4540.jpg?w=1218&amp;h=812 1218w\" sizes=\"auto, (max-width: 5836px) 100vw, 5836px\" \/><figcaption class=\"wp-element-caption\">De izquierda a derecha: Walter Fabi\u00e1n Caudana, subsecretario de Innovaci\u00f3n de la Gesti\u00f3n del Gobierno de la Provincia de C\u00f3rdoba; Mart\u00edn Gigena, subsecretario de Coordinaci\u00f3n Educativa del Ministerio de Educaci\u00f3n de la Provincia de C\u00f3rdoba; Alejandro Anderlic, director de Asuntos Gubernamentales y Externos para Am\u00e9rica Latina de Salesforce; Rodrigo P\u00e9rez, secretario de Innovaci\u00f3n e Infraestructura de la Gesti\u00f3n del Gobierno de la Provincia de C\u00f3rdoba; Marcos Torres, ministro de Desarrollo Social y Promoci\u00f3n del Empleo de la Provincia de C\u00f3rdoba; Drew Dilts, Agregado Econ\u00f3mico para Temas Digitales, del Departamento de Estado (Embajada de los Estados Unidos en Argentina); Marcelo Guajardo, gerente de Asuntos Gubernamentales y Pol\u00edticas P\u00fablicas para el Cono Sur de Salesforce; Mart\u00edn Fernandez, L\u00edder de Sector P\u00fablico para Argentina de Salesforce; y Jesica Libsfrant, coordinadora equipo t\u00e9cnico de la Direcci\u00f3n de Capacitaci\u00f3n y Formaci\u00f3n Profesional del Ministerio de Desarrollo Social y Promoci\u00f3n del Empleo.<\/figcaption><\/figure>\n<\/div><\/div><\/div>\n\n\n<blockquote class=\"wp-block-quote is-layout-flow wp-block-quote-is-layout-flow\">\n<p class=\"has-large-font-size wp-block-paragraph\">Queremos que la innovaci\u00f3n se traduzca en mejores servicios, m\u00e1s capacidades locales y soluciones que mejoren la vida de los cordobeses. C\u00f3rdoba tiene el talento y el ecosistema necesarios para liderar esta transformaci\u00f3n de manera responsable y con una mirada federal<\/p>\n<cite><strong>Rodrigo P\u00e9rez Limpias, secretario de Innovaci\u00f3n e Infraestructura de la Gesti\u00f3n de C\u00f3rdoba<\/strong><\/cite><\/blockquote>\n\n\n\n<blockquote class=\"wp-block-quote is-layout-flow wp-block-quote-is-layout-flow\">\n<p class=\"has-large-font-size wp-block-paragraph\">Esta alianza estrat\u00e9gica nos permite seguir ampliando las oportunidades de capacitaci\u00f3n, especialmente para nuestros j\u00f3venes, acerc\u00e1ndoles conocimientos y herramientas vinculadas a las nuevas tecnolog\u00edas y a las demandas del mundo del trabajo. La inteligencia artificial est\u00e1 transformando la manera en que producimos y trabajamos, y nuestro desaf\u00edo es acompa\u00f1ar esa transformaci\u00f3n para que cada vez m\u00e1s cordobeses puedan formarse, crecer y acceder a nuevas oportunidades de empleo a lo largo y ancho de la provincia<\/p>\n<cite><strong>Marcos Torres, Ministro de Desarrollo Social y Promoci\u00f3n del Empleo<\/strong><\/cite><\/blockquote>\n\n\n\n<blockquote class=\"wp-block-quote is-layout-flow wp-block-quote-is-layout-flow\">\n<p class=\"has-large-font-size wp-block-paragraph\">Para Salesforce, la transformaci\u00f3n digital y la adopci\u00f3n de la inteligencia artificial adquieren su verdadero sentido cuando generan oportunidades reales para la gente y fortalecen las econom\u00edas locales. C\u00f3rdoba combina una s\u00f3lida visi\u00f3n p\u00fablica con una potencia acad\u00e9mica y privada \u00fanica. Este memorando representa un compromiso mutuo para acelerar el desarrollo del ecosistema tecnol\u00f3gico cordob\u00e9s, democratizar las habilidades del futuro y construir un modelo de gesti\u00f3n p\u00fablica m\u00e1s \u00e1gil, inteligente y cercano al ciudadano<\/p>\n<cite><strong>Alejandro Anderlic, director de Asuntos Gubernamentales y Externos para Am\u00e9rica Latina, Salesforce<\/strong><\/cite><\/blockquote>\n\n\n\n<p class=\"wp-block-paragraph\">Tras la firma, la delegaci\u00f3n de Salesforce tuvo la oportunidad de conocer algunas de las iniciativas impulsadas por la Provincia de C\u00f3rdoba, entre ellas, el uso de IA ag\u00e9ntica en infraestructura y los avances en inteligencia artificial aplicados al CIDI. Posteriormente, Salesforce participar\u00e1 de la U.S. AI Fair, que se realizar\u00e1 los d\u00edas 10 y 11 de agosto en la ciudad de C\u00f3rdoba, donde la compa\u00f1\u00eda compartir\u00e1 su visi\u00f3n sobre IA ag\u00e9ntica para gobiernos y empresas con el ecosistema tecnol\u00f3gico provincial.<br><\/p>\n\n\n\n<h2 id=\"h-ia-para-argentina-un-compromiso-federal\" class=\"wp-block-heading\"><strong>IA para Argentina: un compromiso federal<\/strong><\/h2>\n\n\n\n<p class=\"wp-block-paragraph\" id=\"h-ia-para-argentina-un-compromiso-federal\">C\u00f3rdoba se convierte en la segunda provincia argentina con la que Salesforce firma un acuerdo, sum\u00e1ndose a esta agenda federal de colaboraci\u00f3n. La firma de este acuerdo da continuidad al compromiso que Salesforce viene desarrollando en Argentina para promover la adopci\u00f3n responsable de la inteligencia artificial. Tras el Memorando de Entendimiento suscripto con el <a href=\"https:\/\/www.salesforce.com\/mx\/news\/press-releases\/2026\/03\/10\/ia-para-la-transformacion-del-estado\/\" target=\"_blank\" rel=\"noreferrer noopener\">Gobierno Nacional<\/a> durante Argentina Week 2026 y el acuerdo de colaboraci\u00f3n firmado con la <a href=\"https:\/\/www.salesforce.com\/mx\/news\/press-releases\/2026\/07\/15\/salesforce-entre-rios-acuerdo-colaboracion-inteligencia-artificial\/\" target=\"_blank\" rel=\"noreferrer noopener\">Provincia de Entre R\u00edos<\/a>, C\u00f3rdoba se suma a una agenda federal que busca acompa\u00f1ar a las provincias en sus caminos de transformaci\u00f3n digital, fortalecimiento institucional y desarrollo de capacidades para el nuevo paradigma de la IA en toda la Argentina.<\/p>\n","protected":false},"excerpt":{"rendered":"<p>C\u00f3rdoba, 10 de agosto de 2026 &#8211; En un acto realizado hoy en el Centro C\u00edvico, Salesforce, empresa l\u00edder global en gesti\u00f3n de relaciones con clientes e inteligencia artificial, y el Gobierno de la Provincia de C\u00f3rdoba, celebraron la firma de un Memorando de Entendimiento (MoU), estableciendo un marco de colaboraci\u00f3n estrat\u00e9gica en IA, innovaci\u00f3n [&hellip;]<\/p>\n","protected":false},"author":82,"featured_media":514,"template":"","meta":{"sf_subhead":"","sf_i18n_disclaimer":false,"alternateThumbnailId":0,"sf_product_cta_id":0,"footnotes":""},"sf_content_type":[48,49,50],"sf_theme":[64,65,68],"sf_topic":[],"sf_product":[],"sf_industry":[],"sf_role":[],"sf_multimedia_asset":[],"sf_location":[],"sf_collection":[],"sf_visibility":[],"coauthors":[306],"class_list":["post-512","sf_press_release","type-sf_press_release","status-publish","has-post-thumbnail","hentry","sf_content_type-news","sf_content_type-news-announcements","sf_content_type-news-announcements-corporate","sf_theme-agentic-ai","sf_theme-artificial-intelligence","sf_theme-digital-transformation"],"yoast_head":"<!-- This site is optimized with the Yoast SEO Premium plugin v28.2 (Yoast SEO v28.2) - https:\/\/yoast.com\/product\/yoast-seo-premium-wordpress\/ -->\n<title>Salesforce y C\u00f3rdoba sellan alianza estrat\u00e9gica para impulsar inteligencia artificial en la provincia - Salesforce<\/title>\n<meta name=\"description\" content=\"Salesforce y el Gobierno de C\u00f3rdoba firman una alianza estrat\u00e9gica para promover la inteligencia artificial, la innovaci\u00f3n y el desarrollo de talento en la provincia.\" \/>\n<meta name=\"robots\" content=\"index, follow, max-snippet:-1, max-image-preview:large, max-video-preview:-1\" \/>\n<link rel=\"canonical\" href=\"https:\/\/www.salesforce.com\/mx\/news\/press-releases\/2026\/08\/10\/salesforce-cordoba-alianza-inteligencia-artificial\/\" \/>\n<meta property=\"og:locale\" content=\"es_MX\" \/>\n<meta property=\"og:type\" content=\"article\" \/>\n<meta property=\"og:title\" content=\"Salesforce y C\u00f3rdoba sellan alianza estrat\u00e9gica para impulsar inteligencia artificial en la provincia\" \/>\n<meta property=\"og:description\" content=\"Salesforce y el Gobierno de C\u00f3rdoba firman una alianza estrat\u00e9gica para promover la inteligencia artificial, la innovaci\u00f3n y el desarrollo de talento en la provincia.\" \/>\n<meta property=\"og:url\" content=\"https:\/\/www.salesforce.com\/mx\/news\/press-releases\/2026\/08\/10\/salesforce-cordoba-alianza-inteligencia-artificial\/\" \/>\n<meta property=\"og:site_name\" content=\"Salesforce\" \/>\n<meta property=\"article:modified_time\" content=\"2026-08-11T14:16:58+00:00\" \/>\n<meta name=\"twitter:card\" content=\"summary_large_image\" \/>\n<meta name=\"twitter:image\" content=\"https:\/\/www.salesforce.com\/mx\/news\/wp-content\/uploads\/sites\/29\/2026\/08\/DSC_4540.jpg\" \/>\n<meta name=\"twitter:label1\" content=\"Tiempo de lectura\" \/>\n\t<meta name=\"twitter:data1\" content=\"4 minutos\" \/>\n\t<meta name=\"twitter:label2\" content=\"Written by\" \/>\n\t<meta name=\"twitter:data2\" content=\"in-news\" \/>\n<script type=\"application\/ld+json\" class=\"yoast-schema-graph\">{\"@context\":\"https:\\\/\\\/schema.org\",\"@graph\":[{\"@type\":\"NewsArticle\",\"@id\":\"https:\\\/\\\/www.salesforce.com\\\/mx\\\/news\\\/press-releases\\\/2026\\\/08\\\/10\\\/salesforce-cordoba-alianza-inteligencia-artificial\\\/#article\",\"isPartOf\":{\"@id\":\"https:\\\/\\\/www.salesforce.com\\\/mx\\\/news\\\/press-releases\\\/2026\\\/08\\\/10\\\/salesforce-cordoba-alianza-inteligencia-artificial\\\/\"},\"author\":[{\"@id\":\"https:\\\/\\\/www.salesforce.com\\\/mx\\\/news\\\/#\\\/schema\\\/person\\\/0e4e75fa61fdfeed791c35d196f077b5\"}],\"headline\":\"Salesforce y C\u00f3rdoba sellan alianza estrat\u00e9gica para impulsar inteligencia artificial en la provincia\",\"datePublished\":\"2026-08-10T14:10:07+00:00\",\"dateModified\":\"2026-08-11T14:16:58+00:00\",\"mainEntityOfPage\":{\"@id\":\"https:\\\/\\\/www.salesforce.com\\\/mx\\\/news\\\/press-releases\\\/2026\\\/08\\\/10\\\/salesforce-cordoba-alianza-inteligencia-artificial\\\/\"},\"wordCount\":990,\"image\":{\"@id\":\"https:\\\/\\\/www.salesforce.com\\\/mx\\\/news\\\/press-releases\\\/2026\\\/08\\\/10\\\/salesforce-cordoba-alianza-inteligencia-artificial\\\/#primaryimage\"},\"thumbnailUrl\":\"https:\\\/\\\/www.salesforce.com\\\/mx\\\/news\\\/wp-content\\\/uploads\\\/sites\\\/29\\\/2026\\\/08\\\/DSC_4540.jpg\",\"inLanguage\":\"es\"},{\"@type\":\"WebPage\",\"@id\":\"https:\\\/\\\/www.salesforce.com\\\/mx\\\/news\\\/press-releases\\\/2026\\\/08\\\/10\\\/salesforce-cordoba-alianza-inteligencia-artificial\\\/\",\"url\":\"https:\\\/\\\/www.salesforce.com\\\/mx\\\/news\\\/press-releases\\\/2026\\\/08\\\/10\\\/salesforce-cordoba-alianza-inteligencia-artificial\\\/\",\"name\":\"Salesforce y C\u00f3rdoba sellan alianza estrat\u00e9gica para impulsar inteligencia artificial en la provincia - Salesforce\",\"isPartOf\":{\"@id\":\"https:\\\/\\\/www.salesforce.com\\\/mx\\\/news\\\/#website\"},\"primaryImageOfPage\":{\"@id\":\"https:\\\/\\\/www.salesforce.com\\\/mx\\\/news\\\/press-releases\\\/2026\\\/08\\\/10\\\/salesforce-cordoba-alianza-inteligencia-artificial\\\/#primaryimage\"},\"image\":{\"@id\":\"https:\\\/\\\/www.salesforce.com\\\/mx\\\/news\\\/press-releases\\\/2026\\\/08\\\/10\\\/salesforce-cordoba-alianza-inteligencia-artificial\\\/#primaryimage\"},\"thumbnailUrl\":\"https:\\\/\\\/www.salesforce.com\\\/mx\\\/news\\\/wp-content\\\/uploads\\\/sites\\\/29\\\/2026\\\/08\\\/DSC_4540.jpg\",\"datePublished\":\"2026-08-10T14:10:07+00:00\",\"dateModified\":\"2026-08-11T14:16:58+00:00\",\"description\":\"Salesforce y el Gobierno de C\u00f3rdoba firman una alianza estrat\u00e9gica para promover la inteligencia artificial, la innovaci\u00f3n y el desarrollo de talento en la provincia.\",\"breadcrumb\":{\"@id\":\"https:\\\/\\\/www.salesforce.com\\\/mx\\\/news\\\/press-releases\\\/2026\\\/08\\\/10\\\/salesforce-cordoba-alianza-inteligencia-artificial\\\/#breadcrumb\"},\"inLanguage\":\"es\",\"potentialAction\":[{\"@type\":\"ReadAction\",\"target\":[\"https:\\\/\\\/www.salesforce.com\\\/mx\\\/news\\\/press-releases\\\/2026\\\/08\\\/10\\\/salesforce-cordoba-alianza-inteligencia-artificial\\\/\"]}]},{\"@type\":\"ImageObject\",\"inLanguage\":\"es\",\"@id\":\"https:\\\/\\\/www.salesforce.com\\\/mx\\\/news\\\/press-releases\\\/2026\\\/08\\\/10\\\/salesforce-cordoba-alianza-inteligencia-artificial\\\/#primaryimage\",\"url\":\"https:\\\/\\\/www.salesforce.com\\\/mx\\\/news\\\/wp-content\\\/uploads\\\/sites\\\/29\\\/2026\\\/08\\\/DSC_4540.jpg\",\"contentUrl\":\"https:\\\/\\\/www.salesforce.com\\\/mx\\\/news\\\/wp-content\\\/uploads\\\/sites\\\/29\\\/2026\\\/08\\\/DSC_4540.jpg\",\"width\":5836,\"height\":3891,\"caption\":\"De izquierda a derecha: Walter Fabi\u00e1n Caudana, subsecretario de Innovaci\u00f3n de la Gesti\u00f3n del Gobierno de la Provincia de C\u00f3rdoba; Mart\u00edn Gigena, subsecretario de Coordinaci\u00f3n Educativa del Ministerio de Educaci\u00f3n de la Provincia de C\u00f3rdoba; Alejandro Anderlic, director de Asuntos Gubernamentales y Externos para Am\u00e9rica Latina de Salesforce; Rodrigo P\u00e9rez, secretario de Innovaci\u00f3n e Infraestructura de la Gesti\u00f3n del Gobierno de la Provincia de C\u00f3rdoba; Marcos Torres, ministro de Desarrollo Social y Promoci\u00f3n del Empleo de la Provincia de C\u00f3rdoba: Drew Dilts, Agregado Econ\u00f3mico para Temas Digitales, del Departamento de Estado (Embajada de los Estados Unidos en Argentina); Marcelo Guajardo, gerente de Asuntos Gubernamentales y Pol\u00edticas P\u00fablicas para el Cono Sur de Salesforce; Mart\u00edn Fernandez, L\u00edder de Sector P\u00fablico para Argentina de Salesforce; y Jesica Libsfrant, coordinadora equipo t\u00e9cnico de la Direcci\u00f3n de Capacitaci\u00f3n y Formaci\u00f3n Profesional - Ministerio de Desarrollo Social y Promoci\u00f3n del Empleo\"},{\"@type\":\"BreadcrumbList\",\"@id\":\"https:\\\/\\\/www.salesforce.com\\\/mx\\\/news\\\/press-releases\\\/2026\\\/08\\\/10\\\/salesforce-cordoba-alianza-inteligencia-artificial\\\/#breadcrumb\",\"itemListElement\":[{\"@type\":\"ListItem\",\"position\":1,\"name\":\"Home\",\"item\":\"https:\\\/\\\/www.salesforce.com\\\/mx\\\/news\\\/\"},{\"@type\":\"ListItem\",\"position\":2,\"name\":\"Press Releases\",\"item\":\"https:\\\/\\\/www.salesforce.com\\\/mx\\\/news\\\/sf_press_release\\\/\"},{\"@type\":\"ListItem\",\"position\":3,\"name\":\"Salesforce y C\u00f3rdoba sellan alianza estrat\u00e9gica para impulsar inteligencia artificial en la provincia\"}]},{\"@type\":\"WebSite\",\"@id\":\"https:\\\/\\\/www.salesforce.com\\\/mx\\\/news\\\/#website\",\"url\":\"https:\\\/\\\/www.salesforce.com\\\/mx\\\/news\\\/\",\"name\":\"Salesforce\",\"description\":\"\",\"potentialAction\":[{\"@type\":\"SearchAction\",\"target\":{\"@type\":\"EntryPoint\",\"urlTemplate\":\"https:\\\/\\\/www.salesforce.com\\\/mx\\\/news\\\/?s={search_term_string}\"},\"query-input\":{\"@type\":\"PropertyValueSpecification\",\"valueRequired\":true,\"valueName\":\"search_term_string\"}}],\"inLanguage\":\"es\"},{\"@type\":\"Person\",\"@id\":\"https:\\\/\\\/www.salesforce.com\\\/mx\\\/news\\\/#\\\/schema\\\/person\\\/0e4e75fa61fdfeed791c35d196f077b5\",\"name\":\"\",\"image\":{\"@type\":\"ImageObject\",\"inLanguage\":\"es\",\"@id\":\"https:\\\/\\\/secure.gravatar.com\\\/avatar\\\/05af745405ea6044f33450fb99dc60d0811d4d7aa9566d83fe42c07d89693a19?s=96&d=mm&r=g3e9c2b0fad4e47c566b7be5ff1f58cab\",\"url\":\"https:\\\/\\\/secure.gravatar.com\\\/avatar\\\/05af745405ea6044f33450fb99dc60d0811d4d7aa9566d83fe42c07d89693a19?s=96&d=mm&r=g\",\"contentUrl\":\"https:\\\/\\\/secure.gravatar.com\\\/avatar\\\/05af745405ea6044f33450fb99dc60d0811d4d7aa9566d83fe42c07d89693a19?s=96&d=mm&r=g\"},\"url\":\"https:\\\/\\\/www.salesforce.com\\\/mx\\\/news\\\/author\\\/in-news\\\/\"}]}<\/script>\n<!-- \/ Yoast SEO Premium plugin. -->","yoast_head_json":{"title":"Salesforce y C\u00f3rdoba sellan alianza estrat\u00e9gica para impulsar inteligencia artificial en la provincia - Salesforce","description":"Salesforce y el Gobierno de C\u00f3rdoba firman una alianza estrat\u00e9gica para promover la inteligencia artificial, la innovaci\u00f3n y el desarrollo de talento en la provincia.","robots":{"index":"index","follow":"follow","max-snippet":"max-snippet:-1","max-image-preview":"max-image-preview:large","max-video-preview":"max-video-preview:-1"},"canonical":"https:\/\/www.salesforce.com\/mx\/news\/press-releases\/2026\/08\/10\/salesforce-cordoba-alianza-inteligencia-artificial\/","og_locale":"es_MX","og_type":"article","og_title":"Salesforce y C\u00f3rdoba sellan alianza estrat\u00e9gica para impulsar inteligencia artificial en la provincia","og_description":"Salesforce y el Gobierno de C\u00f3rdoba firman una alianza estrat\u00e9gica para promover la inteligencia artificial, la innovaci\u00f3n y el desarrollo de talento en la provincia.","og_url":"https:\/\/www.salesforce.com\/mx\/news\/press-releases\/2026\/08\/10\/salesforce-cordoba-alianza-inteligencia-artificial\/","og_site_name":"Salesforce","article_modified_time":"2026-08-11T14:16:58+00:00","twitter_card":"summary_large_image","twitter_image":"https:\/\/www.salesforce.com\/mx\/news\/wp-content\/uploads\/sites\/29\/2026\/08\/DSC_4540.jpg","twitter_misc":{"Tiempo de lectura":"4 minutos","Written by":"in-news"},"schema":{"@context":"https:\/\/schema.org","@graph":[{"@type":"NewsArticle","@id":"https:\/\/www.salesforce.com\/mx\/news\/press-releases\/2026\/08\/10\/salesforce-cordoba-alianza-inteligencia-artificial\/#article","isPartOf":{"@id":"https:\/\/www.salesforce.com\/mx\/news\/press-releases\/2026\/08\/10\/salesforce-cordoba-alianza-inteligencia-artificial\/"},"author":[{"@id":"https:\/\/www.salesforce.com\/mx\/news\/#\/schema\/person\/0e4e75fa61fdfeed791c35d196f077b5"}],"headline":"Salesforce y C\u00f3rdoba sellan alianza estrat\u00e9gica para impulsar inteligencia artificial en la provincia","datePublished":"2026-08-10T14:10:07+00:00","dateModified":"2026-08-11T14:16:58+00:00","mainEntityOfPage":{"@id":"https:\/\/www.salesforce.com\/mx\/news\/press-releases\/2026\/08\/10\/salesforce-cordoba-alianza-inteligencia-artificial\/"},"wordCount":990,"image":{"@id":"https:\/\/www.salesforce.com\/mx\/news\/press-releases\/2026\/08\/10\/salesforce-cordoba-alianza-inteligencia-artificial\/#primaryimage"},"thumbnailUrl":"https:\/\/www.salesforce.com\/mx\/news\/wp-content\/uploads\/sites\/29\/2026\/08\/DSC_4540.jpg","inLanguage":"es"},{"@type":"WebPage","@id":"https:\/\/www.salesforce.com\/mx\/news\/press-releases\/2026\/08\/10\/salesforce-cordoba-alianza-inteligencia-artificial\/","url":"https:\/\/www.salesforce.com\/mx\/news\/press-releases\/2026\/08\/10\/salesforce-cordoba-alianza-inteligencia-artificial\/","name":"Salesforce y C\u00f3rdoba sellan alianza estrat\u00e9gica para impulsar inteligencia artificial en la provincia - Salesforce","isPartOf":{"@id":"https:\/\/www.salesforce.com\/mx\/news\/#website"},"primaryImageOfPage":{"@id":"https:\/\/www.salesforce.com\/mx\/news\/press-releases\/2026\/08\/10\/salesforce-cordoba-alianza-inteligencia-artificial\/#primaryimage"},"image":{"@id":"https:\/\/www.salesforce.com\/mx\/news\/press-releases\/2026\/08\/10\/salesforce-cordoba-alianza-inteligencia-artificial\/#primaryimage"},"thumbnailUrl":"https:\/\/www.salesforce.com\/mx\/news\/wp-content\/uploads\/sites\/29\/2026\/08\/DSC_4540.jpg","datePublished":"2026-08-10T14:10:07+00:00","dateModified":"2026-08-11T14:16:58+00:00","description":"Salesforce y el Gobierno de C\u00f3rdoba firman una alianza estrat\u00e9gica para promover la inteligencia artificial, la innovaci\u00f3n y el desarrollo de talento en la provincia.","breadcrumb":{"@id":"https:\/\/www.salesforce.com\/mx\/news\/press-releases\/2026\/08\/10\/salesforce-cordoba-alianza-inteligencia-artificial\/#breadcrumb"},"inLanguage":"es","potentialAction":[{"@type":"ReadAction","target":["https:\/\/www.salesforce.com\/mx\/news\/press-releases\/2026\/08\/10\/salesforce-cordoba-alianza-inteligencia-artificial\/"]}]},{"@type":"ImageObject","inLanguage":"es","@id":"https:\/\/www.salesforce.com\/mx\/news\/press-releases\/2026\/08\/10\/salesforce-cordoba-alianza-inteligencia-artificial\/#primaryimage","url":"https:\/\/www.salesforce.com\/mx\/news\/wp-content\/uploads\/sites\/29\/2026\/08\/DSC_4540.jpg","contentUrl":"https:\/\/www.salesforce.com\/mx\/news\/wp-content\/uploads\/sites\/29\/2026\/08\/DSC_4540.jpg","width":5836,"height":3891,"caption":"De izquierda a derecha: Walter Fabi\u00e1n Caudana, subsecretario de Innovaci\u00f3n de la Gesti\u00f3n del Gobierno de la Provincia de C\u00f3rdoba; Mart\u00edn Gigena, subsecretario de Coordinaci\u00f3n Educativa del Ministerio de Educaci\u00f3n de la Provincia de C\u00f3rdoba; Alejandro Anderlic, director de Asuntos Gubernamentales y Externos para Am\u00e9rica Latina de Salesforce; Rodrigo P\u00e9rez, secretario de Innovaci\u00f3n e Infraestructura de la Gesti\u00f3n del Gobierno de la Provincia de C\u00f3rdoba; Marcos Torres, ministro de Desarrollo Social y Promoci\u00f3n del Empleo de la Provincia de C\u00f3rdoba: Drew Dilts, Agregado Econ\u00f3mico para Temas Digitales, del Departamento de Estado (Embajada de los Estados Unidos en Argentina); Marcelo Guajardo, gerente de Asuntos Gubernamentales y Pol\u00edticas P\u00fablicas para el Cono Sur de Salesforce; Mart\u00edn Fernandez, L\u00edder de Sector P\u00fablico para Argentina de Salesforce; y Jesica Libsfrant, coordinadora equipo t\u00e9cnico de la Direcci\u00f3n de Capacitaci\u00f3n y Formaci\u00f3n Profesional - Ministerio de Desarrollo Social y Promoci\u00f3n del Empleo"},{"@type":"BreadcrumbList","@id":"https:\/\/www.salesforce.com\/mx\/news\/press-releases\/2026\/08\/10\/salesforce-cordoba-alianza-inteligencia-artificial\/#breadcrumb","itemListElement":[{"@type":"ListItem","position":1,"name":"Home","item":"https:\/\/www.salesforce.com\/mx\/news\/"},{"@type":"ListItem","position":2,"name":"Press Releases","item":"https:\/\/www.salesforce.com\/mx\/news\/sf_press_release\/"},{"@type":"ListItem","position":3,"name":"Salesforce y C\u00f3rdoba sellan alianza estrat\u00e9gica para impulsar inteligencia artificial en la provincia"}]},{"@type":"WebSite","@id":"https:\/\/www.salesforce.com\/mx\/news\/#website","url":"https:\/\/www.salesforce.com\/mx\/news\/","name":"Salesforce","description":"","potentialAction":[{"@type":"SearchAction","target":{"@type":"EntryPoint","urlTemplate":"https:\/\/www.salesforce.com\/mx\/news\/?s={search_term_string}"},"query-input":{"@type":"PropertyValueSpecification","valueRequired":true,"valueName":"search_term_string"}}],"inLanguage":"es"},{"@type":"Person","@id":"https:\/\/www.salesforce.com\/mx\/news\/#\/schema\/person\/0e4e75fa61fdfeed791c35d196f077b5","name":"","image":{"@type":"ImageObject","inLanguage":"es","@id":"https:\/\/secure.gravatar.com\/avatar\/05af745405ea6044f33450fb99dc60d0811d4d7aa9566d83fe42c07d89693a19?s=96&d=mm&r=g3e9c2b0fad4e47c566b7be5ff1f58cab","url":"https:\/\/secure.gravatar.com\/avatar\/05af745405ea6044f33450fb99dc60d0811d4d7aa9566d83fe42c07d89693a19?s=96&d=mm&r=g","contentUrl":"https:\/\/secure.gravatar.com\/avatar\/05af745405ea6044f33450fb99dc60d0811d4d7aa9566d83fe42c07d89693a19?s=96&d=mm&r=g"},"url":"https:\/\/www.salesforce.com\/mx\/news\/author\/in-news\/"}]}},"jetpack_sharing_enabled":true,"distributor_meta":false,"distributor_terms":false,"distributor_media":false,"distributor_original_site_name":"Salesforce","distributor_original_site_url":"https:\/\/www.salesforce.com\/mx\/news","push-errors":false,"_links":{"self":[{"href":"https:\/\/www.salesforce.com\/mx\/news\/wp-json\/wp\/v2\/sf_press_release\/512","targetHints":{"allow":["GET"]}}],"collection":[{"href":"https:\/\/www.salesforce.com\/mx\/news\/wp-json\/wp\/v2\/sf_press_release"}],"about":[{"href":"https:\/\/www.salesforce.com\/mx\/news\/wp-json\/wp\/v2\/types\/sf_press_release"}],"author":[{"embeddable":true,"href":"https:\/\/www.salesforce.com\/mx\/news\/wp-json\/wp\/v2\/users\/82"}],"version-history":[{"count":2,"href":"https:\/\/www.salesforce.com\/mx\/news\/wp-json\/wp\/v2\/sf_press_release\/512\/revisions"}],"predecessor-version":[{"id":517,"href":"https:\/\/www.salesforce.com\/mx\/news\/wp-json\/wp\/v2\/sf_press_release\/512\/revisions\/517"}],"wp:featuredmedia":[{"embeddable":true,"href":"https:\/\/www.salesforce.com\/mx\/news\/wp-json\/wp\/v2\/media\/514"}],"wp:attachment":[{"href":"https:\/\/www.salesforce.com\/mx\/news\/wp-json\/wp\/v2\/media?parent=512"}],"wp:term":[{"taxonomy":"sf_content_type","embeddable":true,"href":"https:\/\/www.salesforce.com\/mx\/news\/wp-json\/wp\/v2\/sf_content_type?post=512"},{"taxonomy":"sf_theme","embeddable":true,"href":"https:\/\/www.salesforce.com\/mx\/news\/wp-json\/wp\/v2\/sf_theme?post=512"},{"taxonomy":"sf_topic","embeddable":true,"href":"https:\/\/www.salesforce.com\/mx\/news\/wp-json\/wp\/v2\/sf_topic?post=512"},{"taxonomy":"sf_product","embeddable":true,"href":"https:\/\/www.salesforce.com\/mx\/news\/wp-json\/wp\/v2\/sf_product?post=512"},{"taxonomy":"sf_industry","embeddable":true,"href":"https:\/\/www.salesforce.com\/mx\/news\/wp-json\/wp\/v2\/sf_industry?post=512"},{"taxonomy":"sf_role","embeddable":true,"href":"https:\/\/www.salesforce.com\/mx\/news\/wp-json\/wp\/v2\/sf_role?post=512"},{"taxonomy":"sf_multimedia_asset","embeddable":true,"href":"https:\/\/www.salesforce.com\/mx\/news\/wp-json\/wp\/v2\/sf_multimedia_asset?post=512"},{"taxonomy":"sf_location","embeddable":true,"href":"https:\/\/www.salesforce.com\/mx\/news\/wp-json\/wp\/v2\/sf_location?post=512"},{"taxonomy":"sf_collection","embeddable":true,"href":"https:\/\/www.salesforce.com\/mx\/news\/wp-json\/wp\/v2\/sf_collection?post=512"},{"taxonomy":"sf_visibility","embeddable":true,"href":"https:\/\/www.salesforce.com\/mx\/news\/wp-json\/wp\/v2\/sf_visibility?post=512"},{"taxonomy":"author","embeddable":true,"href":"https:\/\/www.salesforce.com\/mx\/news\/wp-json\/wp\/v2\/coauthors?post=512"}],"curies":[{"name":"wp","href":"https:\/\/api.w.org\/{rel}","templated":true}]}}