{"id":325,"date":"2024-12-10T14:10:00","date_gmt":"2024-12-10T13:10:00","guid":{"rendered":"https:\/\/www.salesforce.com\/?post_type=sf_press_release&#038;p=325"},"modified":"2025-04-08T15:00:52","modified_gmt":"2025-04-08T13:00:52","slug":"undersokning-varannan-svensk-doljer-ai-anvandning-pa-jobbet","status":"publish","type":"sf_press_release","link":"https:\/\/www.salesforce.com\/se\/news\/press-releases\/2024\/12\/10\/undersokning-varannan-svensk-doljer-ai-anvandning-pa-jobbet\/","title":{"rendered":"Unders\u00f6kning: Varannan svensk d\u00f6ljer AI-anv\u00e4ndning p\u00e5 jobbet"},"content":{"rendered":"\n<p class=\"has-text-align-left\">Mer \u00e4n varannan svensk kontorsanst\u00e4lld, 58 procent, k\u00e4nner sig obekv\u00e4m med att ber\u00e4tta f\u00f6r sin chef att de anv\u00e4nder AI p\u00e5 jobbet.<\/p>\n\n\n\n<ul class=\"wp-block-list\">\n<li>Man sneglar p\u00e5 kollegor och chefer f\u00f6r att f\u00f6rst\u00e5 vad som \u00e4r acceptabelt, s\u00e4ger Per Fredriksson, teknikchef p\u00e5 techbolaget Salesforce.<\/li>\n<\/ul>\n\n\n\n<p>R\u00e4dslan f\u00f6r att uppfattas som fuskare, inkompetent eller lat hindrar svenskar fr\u00e5n att fullt ut anv\u00e4nda AI-teknikens potential. Det framg\u00e5r i en ny global studie fr\u00e5n Slack, som samlat insikter fr\u00e5n 15 l\u00e4nder, d\u00e4ribland Sverige.<\/p>\n\n\n\n<p>De som \u00e4r \u00f6ppna med sin AI-anv\u00e4ndning anv\u00e4nder tekniken upp till 70 procent mer \u00e4n de som inte ber\u00e4ttar om det.&nbsp;<\/p>\n\n\n\n<p>Per Fredriksson, teknikchef p\u00e5 Salesforce, m\u00f6ter i sin roll m\u00e5nga svenska f\u00f6retag. Han menar att acceptansen f\u00f6r AI \u00f6kat men att m\u00e5nga fortfarande testar gr\u00e4nserna f\u00f6r vad som \u00e4r socialt accepterat.<\/p>\n\n\n\n<ul class=\"wp-block-list\">\n<li>Anv\u00e4ndningen av AI handlar om f\u00f6retagskultur, och acceptansen f\u00f6r tekniken varierar. P\u00e5 vissa f\u00f6retag \u00e4r det okej att anv\u00e4nda AI f\u00f6r stavning och grammatik, men att mejla sin chef med hj\u00e4lp av AI kan k\u00e4nnas fel, s\u00e4ger han.&nbsp;&nbsp;<\/li>\n<\/ul>\n\n\n\n<p>Hur kollegor och chefer f\u00f6rh\u00e5ller sig till AI p\u00e5verkar vad som k\u00e4nns okej att anv\u00e4nda.<\/p>\n\n\n\n<ul class=\"wp-block-list\">\n<li>Man sneglar p\u00e5 andra f\u00f6r att f\u00f6rst\u00e5 vad som \u00e4r acceptabelt. K\u00e4nner du att chefen litar p\u00e5 dig, \u00e4r du mer ben\u00e4gen att anv\u00e4nda AI i arbetet. F\u00f6rtroende spelar stor roll, f\u00f6rklarar Fredriksson.<\/li>\n<\/ul>\n\n\n\n<p>Trots tveksamheten att anv\u00e4nda AI \u00f6ppet \u00e4r intresset f\u00f6r tekniken stort. Tv\u00e5 av tre svenska respondenter \u00e4r angel\u00e4gna att l\u00e4ra sig tekniken. Globalt \u00e4r genomsnittet dock h\u00f6gre, p\u00e5 76 procent. L\u00e4nder som Tyskland (80 procent), Spanien (83 procent) och Indien (98 procent) \u00e4r \u00e4nnu mer m\u00e5na om att ta till sig AI.<\/p>\n\n\n\n<p>En av tre svenskar uppger att de varken f\u00e5r utbildning eller tid att testa AI-tekniken. 61 procent har anv\u00e4nt AI mindre \u00e4n fem timmar p\u00e5 jobbet. Sverige ligger d\u00e4rmed i topp bland l\u00e4nderna med minst AI-exponering tillsammans med Japan, Frankrike och Storbritannien.<\/p>\n\n\n\n<p>Per Fredriksson ser ett&nbsp; tydligt behov av st\u00f6d och riktlinjer fr\u00e5n f\u00f6retagen.<\/p>\n\n\n\n<ul class=\"wp-block-list\">\n<li>Vilka AI-verktyg kan anv\u00e4ndas, och p\u00e5 vilket s\u00e4tt? S\u00e5dan v\u00e4gledning \u00e4r avg\u00f6rande f\u00f6r att man ska ta till sig tekniken,s\u00e4ger han.&nbsp;<\/li>\n<\/ul>\n\n\n\n<p>Rapporten visar ocks\u00e5 p\u00e5 en konflikt mellan chefer och anst\u00e4llda kring AI-anv\u00e4ndning. Chefer vill att AI-sparad tid ska anv\u00e4ndas till kompetensutveckling och innovation, medan anst\u00e4llda vill hinna ikapp med administrativa uppgifter.<\/p>\n\n\n\n<ul class=\"wp-block-list\">\n<li>Skillnaden i f\u00f6rv\u00e4ntningar visar att vi beh\u00f6ver definiera vad produktivitet inneb\u00e4r. Man beh\u00f6ver se \u00f6ver hur man uppmuntrar medarbetare och s\u00e4tta gemensamma riktlinjer f\u00f6r hur man anv\u00e4nder sin tid, s\u00e4ger Fredriksson.<\/li>\n<\/ul>\n\n\n\n<p>Unders\u00f6kningen visar ocks\u00e5 att AI-anpassning kan st\u00e4rka arbetsgivarm\u00e4rket. Tv\u00e5 av tre svenskar uppger att tillg\u00e5ng till AI \u00e4r avg\u00f6rande n\u00e4r de v\u00e4ljer ny arbetsplats. L\u00e4nder som Brasilien, Indien och Singapore sticker ut, d\u00e4r upp till 9 av 10 kr\u00e4ver att arbetsgivaren integrerar AI i arbetsfl\u00f6den.<\/p>\n\n\n\n<ul class=\"wp-block-list\">\n<li>AI blir en allt viktigare faktor f\u00f6r hur en arbetsgivare uppfattas. Genom att integrera AI i f\u00f6retagskulturen framst\u00e5r arbetsgivaren som mer innovativ och fram\u00e5tblickande, s\u00e4ger Fredriksson.<\/li>\n<\/ul>\n\n\n\n<p>I stort har den globala anv\u00e4ndningen av AI stagnerat, med en \u00f6kning p\u00e5 endast 4 procentenheter till 36 procent det senaste kvartalet.<\/p>\n\n\n\n<h2 class=\"wp-block-heading\" id=\"h-om-slack-workforce-index\">Om Slack Workforce Index:<\/h2>\n\n\n\n<p>I unders\u00f6kningen deltog 17 372 kontorsanst\u00e4llda fr\u00e5n 15 l\u00e4nder (Australien, Brasilien, Kanada, Frankrike, Tyskland, Indien, Italien, Japan, Nederl\u00e4nderna, Singapore, Spanien, Sverige, Schweiz, Storbritannien och USA).. Unders\u00f6kningen \u00e4gde rum mellan den 2 och 23 augusti 2024 och genomf\u00f6rdes av Qualtrics. Alla deltagare arbetar heltid (minst 30 timmar per vecka). Och har roller som exempelvis vd, ekonomichef, C-suite, senior ledning (t.ex. vice vd), mellanchef (t.ex. avdelningschef), teamledare, senior medarbetare eller kvalificerad kontorsmedarbetarel (t.ex. analytiker, grafisk designer). Inga anst\u00e4llda eller kunder hos Slack och Salesforce deltog.<br><\/p>\n","protected":false},"excerpt":{"rendered":"<p>Mer \u00e4n varannan svensk kontorsanst\u00e4lld, 58 procent, k\u00e4nner sig obekv\u00e4m med att ber\u00e4tta f\u00f6r sin chef att de anv\u00e4nder AI p\u00e5 jobbet. R\u00e4dslan f\u00f6r att uppfattas som fuskare, inkompetent eller lat hindrar svenskar fr\u00e5n att fullt ut anv\u00e4nda AI-teknikens potential. Det framg\u00e5r i en ny global studie fr\u00e5n Slack, som samlat insikter fr\u00e5n 15 l\u00e4nder, [&hellip;]<\/p>\n","protected":false},"author":267,"featured_media":351,"template":"","meta":{"sf_subhead":"","sf_i18n_disclaimer":false,"alternateThumbnailId":0,"sf_product_cta_id":0,"footnotes":""},"sf_content_type":[54],"sf_theme":[],"sf_topic":[278,15,18,24],"sf_product":[],"sf_industry":[],"sf_role":[],"sf_multimedia_asset":[],"sf_location":[128],"sf_collection":[],"sf_visibility":[],"coauthors":[272],"class_list":["post-325","sf_press_release","type-sf_press_release","status-publish","has-post-thumbnail","hentry","sf_content_type-snapshots","sf_topic-artificial-intelligence","sf_topic-digital-transformation","sf_topic-enterprise-ai","sf_topic-modern-work","sf_location-global"],"yoast_head":"<!-- This site is optimized with the Yoast SEO Premium plugin v27.2 (Yoast SEO v27.2) - https:\/\/yoast.com\/product\/yoast-seo-premium-wordpress\/ -->\n<title>Unders\u00f6kning: Varannan svensk d\u00f6ljer AI-anv\u00e4ndning p\u00e5 jobbet - Salesforce<\/title>\n<meta name=\"robots\" content=\"noindex, follow, max-snippet:-1, max-image-preview:large, max-video-preview:-1\" \/>\n<meta property=\"og:locale\" content=\"sv_SE\" \/>\n<meta property=\"og:type\" content=\"article\" \/>\n<meta property=\"og:title\" content=\"Unders\u00f6kning: Varannan svensk d\u00f6ljer AI-anv\u00e4ndning p\u00e5 jobbet\" \/>\n<meta property=\"og:description\" content=\"Mer \u00e4n varannan svensk kontorsanst\u00e4lld, 58 procent, k\u00e4nner sig obekv\u00e4m med att ber\u00e4tta f\u00f6r sin chef att de anv\u00e4nder AI p\u00e5 jobbet. R\u00e4dslan f\u00f6r att uppfattas som fuskare, inkompetent eller lat hindrar svenskar fr\u00e5n att fullt ut anv\u00e4nda AI-teknikens potential. Det framg\u00e5r i en ny global studie fr\u00e5n Slack, som samlat insikter fr\u00e5n 15 l\u00e4nder, [&hellip;]\" \/>\n<meta property=\"og:url\" content=\"https:\/\/www.salesforce.com\/se\/news\/press-releases\/2024\/12\/10\/undersokning-varannan-svensk-doljer-ai-anvandning-pa-jobbet\/\" \/>\n<meta property=\"og:site_name\" content=\"Salesforce\" \/>\n<meta property=\"article:modified_time\" content=\"2025-04-08T13:00:52+00:00\" \/>\n<meta property=\"og:image\" content=\"https:\/\/www.salesforce.com\/se\/news\/wp-content\/uploads\/sites\/27\/2025\/04\/U.S.-Lags-Behind-in-Global-AI-Adoption-Says-New-Slack-Workforce-Index.webp\" \/>\n\t<meta property=\"og:image:width\" content=\"1024\" \/>\n\t<meta property=\"og:image:height\" content=\"576\" \/>\n\t<meta property=\"og:image:type\" content=\"image\/webp\" \/>\n<meta name=\"twitter:card\" content=\"summary_large_image\" \/>\n<meta name=\"twitter:label1\" content=\"Ber\u00e4knad l\u00e4stid\" \/>\n\t<meta name=\"twitter:data1\" content=\"4 minuter\" \/>\n\t<meta name=\"twitter:label2\" content=\"Skriven av\" \/>\n\t<meta name=\"twitter:data2\" content=\"Salesforce Newsroom\" \/>\n\t<meta name=\"twitter:label3\" content=\"Written by\" \/>\n\t<meta name=\"twitter:data3\" content=\"Salesforce Newsroom\" \/>\n<script type=\"application\/ld+json\" class=\"yoast-schema-graph\">{\"@context\":\"https:\/\/schema.org\",\"@graph\":[{\"@type\":\"NewsArticle\",\"@id\":\"https:\/\/www.salesforce.com\/se\/news\/press-releases\/2024\/12\/10\/undersokning-varannan-svensk-doljer-ai-anvandning-pa-jobbet\/#article\",\"isPartOf\":{\"@id\":\"https:\/\/www.salesforce.com\/se\/news\/press-releases\/2024\/12\/10\/undersokning-varannan-svensk-doljer-ai-anvandning-pa-jobbet\/\"},\"author\":[{\"@id\":\"https:\/\/www.salesforce.com\/se\/news\/#\/schema\/person\/image\/6d53fc780de7fd5d91a25b6defa3b774\"}],\"headline\":\"Unders\u00f6kning: Varannan svensk d\u00f6ljer AI-anv\u00e4ndning p\u00e5 jobbet\",\"datePublished\":\"2024-12-10T13:10:00+00:00\",\"dateModified\":\"2025-04-08T13:00:52+00:00\",\"mainEntityOfPage\":{\"@id\":\"https:\/\/www.salesforce.com\/se\/news\/press-releases\/2024\/12\/10\/undersokning-varannan-svensk-doljer-ai-anvandning-pa-jobbet\/\"},\"wordCount\":692,\"image\":{\"@id\":\"https:\/\/www.salesforce.com\/se\/news\/press-releases\/2024\/12\/10\/undersokning-varannan-svensk-doljer-ai-anvandning-pa-jobbet\/#primaryimage\"},\"thumbnailUrl\":\"https:\/\/www.salesforce.com\/se\/news\/wp-content\/uploads\/sites\/27\/2025\/04\/U.S.-Lags-Behind-in-Global-AI-Adoption-Says-New-Slack-Workforce-Index.webp\",\"inLanguage\":\"sv-SE\"},{\"@type\":\"WebPage\",\"@id\":\"https:\/\/www.salesforce.com\/se\/news\/press-releases\/2024\/12\/10\/undersokning-varannan-svensk-doljer-ai-anvandning-pa-jobbet\/\",\"url\":\"https:\/\/www.salesforce.com\/se\/news\/press-releases\/2024\/12\/10\/undersokning-varannan-svensk-doljer-ai-anvandning-pa-jobbet\/\",\"name\":\"Unders\u00f6kning: Varannan svensk d\u00f6ljer AI-anv\u00e4ndning p\u00e5 jobbet - Salesforce\",\"isPartOf\":{\"@id\":\"https:\/\/www.salesforce.com\/se\/news\/#website\"},\"primaryImageOfPage\":{\"@id\":\"https:\/\/www.salesforce.com\/se\/news\/press-releases\/2024\/12\/10\/undersokning-varannan-svensk-doljer-ai-anvandning-pa-jobbet\/#primaryimage\"},\"image\":{\"@id\":\"https:\/\/www.salesforce.com\/se\/news\/press-releases\/2024\/12\/10\/undersokning-varannan-svensk-doljer-ai-anvandning-pa-jobbet\/#primaryimage\"},\"thumbnailUrl\":\"https:\/\/www.salesforce.com\/se\/news\/wp-content\/uploads\/sites\/27\/2025\/04\/U.S.-Lags-Behind-in-Global-AI-Adoption-Says-New-Slack-Workforce-Index.webp\",\"datePublished\":\"2024-12-10T13:10:00+00:00\",\"dateModified\":\"2025-04-08T13:00:52+00:00\",\"breadcrumb\":{\"@id\":\"https:\/\/www.salesforce.com\/se\/news\/press-releases\/2024\/12\/10\/undersokning-varannan-svensk-doljer-ai-anvandning-pa-jobbet\/#breadcrumb\"},\"inLanguage\":\"sv-SE\",\"potentialAction\":[{\"@type\":\"ReadAction\",\"target\":[\"https:\/\/www.salesforce.com\/se\/news\/press-releases\/2024\/12\/10\/undersokning-varannan-svensk-doljer-ai-anvandning-pa-jobbet\/\"]}]},{\"@type\":\"ImageObject\",\"inLanguage\":\"sv-SE\",\"@id\":\"https:\/\/www.salesforce.com\/se\/news\/press-releases\/2024\/12\/10\/undersokning-varannan-svensk-doljer-ai-anvandning-pa-jobbet\/#primaryimage\",\"url\":\"https:\/\/www.salesforce.com\/se\/news\/wp-content\/uploads\/sites\/27\/2025\/04\/U.S.-Lags-Behind-in-Global-AI-Adoption-Says-New-Slack-Workforce-Index.webp\",\"contentUrl\":\"https:\/\/www.salesforce.com\/se\/news\/wp-content\/uploads\/sites\/27\/2025\/04\/U.S.-Lags-Behind-in-Global-AI-Adoption-Says-New-Slack-Workforce-Index.webp\",\"width\":1024,\"height\":576,\"caption\":\"U.S.-Lags-Behind-in-Global-AI-Adoption-Says-New-Slack-Workforce-Index.webp\"},{\"@type\":\"BreadcrumbList\",\"@id\":\"https:\/\/www.salesforce.com\/se\/news\/press-releases\/2024\/12\/10\/undersokning-varannan-svensk-doljer-ai-anvandning-pa-jobbet\/#breadcrumb\",\"itemListElement\":[{\"@type\":\"ListItem\",\"position\":1,\"name\":\"Home\",\"item\":\"https:\/\/www.salesforce.com\/se\/news\/\"},{\"@type\":\"ListItem\",\"position\":2,\"name\":\"Press Releases\",\"item\":\"https:\/\/www.salesforce.com\/se\/news\/sf_press_release\/\"},{\"@type\":\"ListItem\",\"position\":3,\"name\":\"Unders\u00f6kning: Varannan svensk d\u00f6ljer AI-anv\u00e4ndning p\u00e5 jobbet\"}]},{\"@type\":\"WebSite\",\"@id\":\"https:\/\/www.salesforce.com\/se\/news\/#website\",\"url\":\"https:\/\/www.salesforce.com\/se\/news\/\",\"name\":\"Salesforce\",\"description\":\"\",\"potentialAction\":[{\"@type\":\"SearchAction\",\"target\":{\"@type\":\"EntryPoint\",\"urlTemplate\":\"https:\/\/www.salesforce.com\/se\/news\/?s={search_term_string}\"},\"query-input\":{\"@type\":\"PropertyValueSpecification\",\"valueRequired\":true,\"valueName\":\"search_term_string\"}}],\"inLanguage\":\"sv-SE\"},{\"@type\":\"Person\",\"@id\":\"https:\/\/www.salesforce.com\/se\/news\/#\/schema\/person\/image\/6d53fc780de7fd5d91a25b6defa3b774\",\"name\":\"Salesforce Newsroom\",\"image\":{\"@type\":\"ImageObject\",\"inLanguage\":\"sv-SE\",\"@id\":\"https:\/\/secure.gravatar.com\/avatar\/?s=96&d=mm&r=g23494c9101089ad44ae88ce9d2f56aac\",\"url\":\"https:\/\/secure.gravatar.com\/avatar\/?s=96&d=mm&r=g\",\"contentUrl\":\"https:\/\/secure.gravatar.com\/avatar\/?s=96&d=mm&r=g\",\"caption\":\"Salesforce Newsroom\"},\"url\":\"https:\/\/www.salesforce.com\/se\/news\/author\/salesforce-newsroom\/\"}]}<\/script>\n<!-- \/ Yoast SEO Premium plugin. -->","yoast_head_json":{"title":"Unders\u00f6kning: Varannan svensk d\u00f6ljer AI-anv\u00e4ndning p\u00e5 jobbet - Salesforce","robots":{"index":"noindex","follow":"follow","max-snippet":"max-snippet:-1","max-image-preview":"max-image-preview:large","max-video-preview":"max-video-preview:-1"},"og_locale":"sv_SE","og_type":"article","og_title":"Unders\u00f6kning: Varannan svensk d\u00f6ljer AI-anv\u00e4ndning p\u00e5 jobbet","og_description":"Mer \u00e4n varannan svensk kontorsanst\u00e4lld, 58 procent, k\u00e4nner sig obekv\u00e4m med att ber\u00e4tta f\u00f6r sin chef att de anv\u00e4nder AI p\u00e5 jobbet. R\u00e4dslan f\u00f6r att uppfattas som fuskare, inkompetent eller lat hindrar svenskar fr\u00e5n att fullt ut anv\u00e4nda AI-teknikens potential. Det framg\u00e5r i en ny global studie fr\u00e5n Slack, som samlat insikter fr\u00e5n 15 l\u00e4nder, [&hellip;]","og_url":"https:\/\/www.salesforce.com\/se\/news\/press-releases\/2024\/12\/10\/undersokning-varannan-svensk-doljer-ai-anvandning-pa-jobbet\/","og_site_name":"Salesforce","article_modified_time":"2025-04-08T13:00:52+00:00","og_image":[{"width":1024,"height":576,"url":"https:\/\/www.salesforce.com\/se\/news\/wp-content\/uploads\/sites\/27\/2025\/04\/U.S.-Lags-Behind-in-Global-AI-Adoption-Says-New-Slack-Workforce-Index.webp","type":"image\/webp"}],"twitter_card":"summary_large_image","twitter_misc":{"Ber\u00e4knad l\u00e4stid":"4 minuter","Skriven av":"Salesforce Newsroom","Written by":"Salesforce Newsroom"},"schema":{"@context":"https:\/\/schema.org","@graph":[{"@type":"NewsArticle","@id":"https:\/\/www.salesforce.com\/se\/news\/press-releases\/2024\/12\/10\/undersokning-varannan-svensk-doljer-ai-anvandning-pa-jobbet\/#article","isPartOf":{"@id":"https:\/\/www.salesforce.com\/se\/news\/press-releases\/2024\/12\/10\/undersokning-varannan-svensk-doljer-ai-anvandning-pa-jobbet\/"},"author":[{"@id":"https:\/\/www.salesforce.com\/se\/news\/#\/schema\/person\/image\/6d53fc780de7fd5d91a25b6defa3b774"}],"headline":"Unders\u00f6kning: Varannan svensk d\u00f6ljer AI-anv\u00e4ndning p\u00e5 jobbet","datePublished":"2024-12-10T13:10:00+00:00","dateModified":"2025-04-08T13:00:52+00:00","mainEntityOfPage":{"@id":"https:\/\/www.salesforce.com\/se\/news\/press-releases\/2024\/12\/10\/undersokning-varannan-svensk-doljer-ai-anvandning-pa-jobbet\/"},"wordCount":692,"image":{"@id":"https:\/\/www.salesforce.com\/se\/news\/press-releases\/2024\/12\/10\/undersokning-varannan-svensk-doljer-ai-anvandning-pa-jobbet\/#primaryimage"},"thumbnailUrl":"https:\/\/www.salesforce.com\/se\/news\/wp-content\/uploads\/sites\/27\/2025\/04\/U.S.-Lags-Behind-in-Global-AI-Adoption-Says-New-Slack-Workforce-Index.webp","inLanguage":"sv-SE"},{"@type":"WebPage","@id":"https:\/\/www.salesforce.com\/se\/news\/press-releases\/2024\/12\/10\/undersokning-varannan-svensk-doljer-ai-anvandning-pa-jobbet\/","url":"https:\/\/www.salesforce.com\/se\/news\/press-releases\/2024\/12\/10\/undersokning-varannan-svensk-doljer-ai-anvandning-pa-jobbet\/","name":"Unders\u00f6kning: Varannan svensk d\u00f6ljer AI-anv\u00e4ndning p\u00e5 jobbet - Salesforce","isPartOf":{"@id":"https:\/\/www.salesforce.com\/se\/news\/#website"},"primaryImageOfPage":{"@id":"https:\/\/www.salesforce.com\/se\/news\/press-releases\/2024\/12\/10\/undersokning-varannan-svensk-doljer-ai-anvandning-pa-jobbet\/#primaryimage"},"image":{"@id":"https:\/\/www.salesforce.com\/se\/news\/press-releases\/2024\/12\/10\/undersokning-varannan-svensk-doljer-ai-anvandning-pa-jobbet\/#primaryimage"},"thumbnailUrl":"https:\/\/www.salesforce.com\/se\/news\/wp-content\/uploads\/sites\/27\/2025\/04\/U.S.-Lags-Behind-in-Global-AI-Adoption-Says-New-Slack-Workforce-Index.webp","datePublished":"2024-12-10T13:10:00+00:00","dateModified":"2025-04-08T13:00:52+00:00","breadcrumb":{"@id":"https:\/\/www.salesforce.com\/se\/news\/press-releases\/2024\/12\/10\/undersokning-varannan-svensk-doljer-ai-anvandning-pa-jobbet\/#breadcrumb"},"inLanguage":"sv-SE","potentialAction":[{"@type":"ReadAction","target":["https:\/\/www.salesforce.com\/se\/news\/press-releases\/2024\/12\/10\/undersokning-varannan-svensk-doljer-ai-anvandning-pa-jobbet\/"]}]},{"@type":"ImageObject","inLanguage":"sv-SE","@id":"https:\/\/www.salesforce.com\/se\/news\/press-releases\/2024\/12\/10\/undersokning-varannan-svensk-doljer-ai-anvandning-pa-jobbet\/#primaryimage","url":"https:\/\/www.salesforce.com\/se\/news\/wp-content\/uploads\/sites\/27\/2025\/04\/U.S.-Lags-Behind-in-Global-AI-Adoption-Says-New-Slack-Workforce-Index.webp","contentUrl":"https:\/\/www.salesforce.com\/se\/news\/wp-content\/uploads\/sites\/27\/2025\/04\/U.S.-Lags-Behind-in-Global-AI-Adoption-Says-New-Slack-Workforce-Index.webp","width":1024,"height":576,"caption":"U.S.-Lags-Behind-in-Global-AI-Adoption-Says-New-Slack-Workforce-Index.webp"},{"@type":"BreadcrumbList","@id":"https:\/\/www.salesforce.com\/se\/news\/press-releases\/2024\/12\/10\/undersokning-varannan-svensk-doljer-ai-anvandning-pa-jobbet\/#breadcrumb","itemListElement":[{"@type":"ListItem","position":1,"name":"Home","item":"https:\/\/www.salesforce.com\/se\/news\/"},{"@type":"ListItem","position":2,"name":"Press Releases","item":"https:\/\/www.salesforce.com\/se\/news\/sf_press_release\/"},{"@type":"ListItem","position":3,"name":"Unders\u00f6kning: Varannan svensk d\u00f6ljer AI-anv\u00e4ndning p\u00e5 jobbet"}]},{"@type":"WebSite","@id":"https:\/\/www.salesforce.com\/se\/news\/#website","url":"https:\/\/www.salesforce.com\/se\/news\/","name":"Salesforce","description":"","potentialAction":[{"@type":"SearchAction","target":{"@type":"EntryPoint","urlTemplate":"https:\/\/www.salesforce.com\/se\/news\/?s={search_term_string}"},"query-input":{"@type":"PropertyValueSpecification","valueRequired":true,"valueName":"search_term_string"}}],"inLanguage":"sv-SE"},{"@type":"Person","@id":"https:\/\/www.salesforce.com\/se\/news\/#\/schema\/person\/image\/6d53fc780de7fd5d91a25b6defa3b774","name":"Salesforce Newsroom","image":{"@type":"ImageObject","inLanguage":"sv-SE","@id":"https:\/\/secure.gravatar.com\/avatar\/?s=96&d=mm&r=g23494c9101089ad44ae88ce9d2f56aac","url":"https:\/\/secure.gravatar.com\/avatar\/?s=96&d=mm&r=g","contentUrl":"https:\/\/secure.gravatar.com\/avatar\/?s=96&d=mm&r=g","caption":"Salesforce Newsroom"},"url":"https:\/\/www.salesforce.com\/se\/news\/author\/salesforce-newsroom\/"}]}},"jetpack_sharing_enabled":true,"distributor_meta":false,"distributor_terms":false,"distributor_media":false,"distributor_original_site_name":"Salesforce","distributor_original_site_url":"https:\/\/www.salesforce.com\/se\/news","push-errors":false,"_links":{"self":[{"href":"https:\/\/www.salesforce.com\/se\/news\/wp-json\/wp\/v2\/sf_press_release\/325","targetHints":{"allow":["GET"]}}],"collection":[{"href":"https:\/\/www.salesforce.com\/se\/news\/wp-json\/wp\/v2\/sf_press_release"}],"about":[{"href":"https:\/\/www.salesforce.com\/se\/news\/wp-json\/wp\/v2\/types\/sf_press_release"}],"author":[{"embeddable":true,"href":"https:\/\/www.salesforce.com\/se\/news\/wp-json\/wp\/v2\/users\/267"}],"version-history":[{"count":3,"href":"https:\/\/www.salesforce.com\/se\/news\/wp-json\/wp\/v2\/sf_press_release\/325\/revisions"}],"predecessor-version":[{"id":371,"href":"https:\/\/www.salesforce.com\/se\/news\/wp-json\/wp\/v2\/sf_press_release\/325\/revisions\/371"}],"wp:featuredmedia":[{"embeddable":true,"href":"https:\/\/www.salesforce.com\/se\/news\/wp-json\/wp\/v2\/media\/351"}],"wp:attachment":[{"href":"https:\/\/www.salesforce.com\/se\/news\/wp-json\/wp\/v2\/media?parent=325"}],"wp:term":[{"taxonomy":"sf_content_type","embeddable":true,"href":"https:\/\/www.salesforce.com\/se\/news\/wp-json\/wp\/v2\/sf_content_type?post=325"},{"taxonomy":"sf_theme","embeddable":true,"href":"https:\/\/www.salesforce.com\/se\/news\/wp-json\/wp\/v2\/sf_theme?post=325"},{"taxonomy":"sf_topic","embeddable":true,"href":"https:\/\/www.salesforce.com\/se\/news\/wp-json\/wp\/v2\/sf_topic?post=325"},{"taxonomy":"sf_product","embeddable":true,"href":"https:\/\/www.salesforce.com\/se\/news\/wp-json\/wp\/v2\/sf_product?post=325"},{"taxonomy":"sf_industry","embeddable":true,"href":"https:\/\/www.salesforce.com\/se\/news\/wp-json\/wp\/v2\/sf_industry?post=325"},{"taxonomy":"sf_role","embeddable":true,"href":"https:\/\/www.salesforce.com\/se\/news\/wp-json\/wp\/v2\/sf_role?post=325"},{"taxonomy":"sf_multimedia_asset","embeddable":true,"href":"https:\/\/www.salesforce.com\/se\/news\/wp-json\/wp\/v2\/sf_multimedia_asset?post=325"},{"taxonomy":"sf_location","embeddable":true,"href":"https:\/\/www.salesforce.com\/se\/news\/wp-json\/wp\/v2\/sf_location?post=325"},{"taxonomy":"sf_collection","embeddable":true,"href":"https:\/\/www.salesforce.com\/se\/news\/wp-json\/wp\/v2\/sf_collection?post=325"},{"taxonomy":"sf_visibility","embeddable":true,"href":"https:\/\/www.salesforce.com\/se\/news\/wp-json\/wp\/v2\/sf_visibility?post=325"},{"taxonomy":"author","embeddable":true,"href":"https:\/\/www.salesforce.com\/se\/news\/wp-json\/wp\/v2\/coauthors?post=325"}],"curies":[{"name":"wp","href":"https:\/\/api.w.org\/{rel}","templated":true}]}}